{"id":11139,"date":"2022-10-10T13:55:48","date_gmt":"2022-10-10T17:55:48","guid":{"rendered":"https:\/\/espromedbio.gob.ve\/inicio\/?p=11139"},"modified":"2022-10-10T13:55:49","modified_gmt":"2022-10-10T17:55:49","slug":"autoridades-de-fondoin-visitaron-espromed-bio-para-conocer-sistema-de-climatizacion","status":"publish","type":"post","link":"https:\/\/www.espromedbio.gob.ve\/inicio\/autoridades-de-fondoin-visitaron-espromed-bio-para-conocer-sistema-de-climatizacion\/","title":{"rendered":"Autoridades de Fondoin visitaron Espromed BIO para conocer sistema de climatizaci\u00f3n"},"content":{"rendered":"\n<p>Silvia Lucey Rojas<\/p>\n\n\n\n<p><strong>Caracas,06\/10\/22 (MPPS\/Prensa de Espromed BIO).-<\/strong> Con el prop\u00f3sito de conocer el sistema de climatizaci\u00f3n de los equipos e insumos, autoridades de la Fundaci\u00f3n Fondo Venezolano de Reconversi\u00f3n Industrial y Tecnol\u00f3gica (Fondoin) recorrieron las instalaciones de la Empresa Socialista para la Producci\u00f3n de Medicamentos Biol\u00f3gicos (Espromed BIO) C.A.<\/p>\n\n\n\n<p>La primera visita la realizaron el jueves 29 de septiembre a la Planta de Producci\u00f3n de Medicamentos Biol\u00f3gicos, ubicada en la UCV, parroquia San Pedro del Distrito Capital. El recorrido estuvo encabezado por el viceministro de Recursos, Tecnolog\u00eda y Regulaci\u00f3n del Ministerio del Poder Popular para la Salud y presidente de Espromed BIO, ingeniero Jes\u00fas Rafael Brito; la presidenta de Fondoin, Indira Villafa\u00f1a; el gerente de Ingenier\u00eda de Productos Biol\u00f3gicos, Junior Herrera; la coordinadora de Servicios Cr\u00edticos, Mar\u00eda V\u00e1squez, adem\u00e1s de los t\u00e9cnicos del \u00e1rea de HVAC\/AC (climatizaci\u00f3n y ventilaci\u00f3n) Ernesto Medina y Marco Toro.<\/p>\n\n\n\n<p>Espromed cuenta con siete chillers (sistemas de aire acondicionado) de 38 toneladas, de los cuales tres se encuentran en el edificio administrativo y funcionan con gas refrigerante R407-C (hidrofluorocarbono).<\/p>\n\n\n\n<p>Rese\u00f1\u00f3 el equipo de Fondoin que estos chillers son de tecnolog\u00eda avanzada, debido a que poseen una pantalla que avisa la existencia de alguna falla y d\u00f3nde se encuentra, as\u00ed como tambi\u00e9n la hora, el mes y el d\u00eda en que ocurre.<\/p>\n\n\n\n<p>Posteriormente visitaron el edificio de Producci\u00f3n, donde se encuentran cuatro chillers que funcionan con el refrigerante 134, del cual contienen 200 toneladas.<\/p>\n\n\n\n<p><strong>Evaluaci\u00f3n de Especialidades Farmac\u00e9uticas<\/strong><\/p>\n\n\n\n<p>El martes 05 de octubre, representantes de Fondoin hicieron el recorrido por la Planta de Especialidades Farmac\u00e9uticas, ubicada en Las Adjuntas, parroquia Macarao, en el cual estuvieron acompa\u00f1ados por el gerente general de la Planta, Rub\u00e9n Rodr\u00edguez, y la gerente de Ingenier\u00eda Yexy Rodr\u00edguez, con la presencia de t\u00e9cnicos especialistas en refrigeraci\u00f3n de Fondoin.<\/p>\n\n\n\n<p>Luego se dirigieron al \u00e1rea t\u00e9cnica de equipos HVAC\/AC, donde se realiz\u00f3 un diagn\u00f3stico de los dos chillers que est\u00e1n en funcionamiento con el gas refrigerante R22, y de las seis umas (unidades manejadores de aire) que funcionan de manera manual, debido a que las tarjetas no est\u00e1n operativas.<\/p>\n\n\n\n<p>Indira Villafa\u00f1a present\u00f3 los proyectos que se est\u00e1n desarrollando en Fondoin cumpliendo con el Protocolo de Montreal sobre protecci\u00f3n de la capa de ozono, y refiri\u00f3 que: \u00abSiendo \u00e9sta una empresa baluarte de un sector estrat\u00e9gico y tambi\u00e9n vulnerable para la naci\u00f3n como es la salud, creemos que es importante ayudar a establecer buenas pr\u00e1cticas en refrigeraci\u00f3n, ya que nos permite contar con instalaciones para el procesamiento y almacenaje de medicamentos\u00bb.<\/p>\n\n\n\n<p>Finalmente, se acord\u00f3 en las visitas organizar varios talleres de formaci\u00f3n para que los t\u00e9cnicos de Espromed BIO puedan acreditarse en Buenas Pr\u00e1cticas en Refrigeraci\u00f3n Sostenible y el mantenimiento de los equipos. Fin.<\/p>\n","protected":false},"excerpt":{"rendered":"<p>Silvia Lucey Rojas Caracas,06\/10\/22 (MPPS\/Prensa de Espromed BIO).- Con el prop\u00f3sito de conocer el sistema de climatizaci\u00f3n de los equipos e insumos, autoridades de la Fundaci\u00f3n Fondo Venezolano de Reconversi\u00f3n Industrial y Tecnol\u00f3gica (Fondoin) recorrieron las instalaciones de la Empresa Socialista para la Producci\u00f3n de Medicamentos Biol\u00f3gicos (Espromed BIO) C.A. La primera visita la realizaron [&hellip;]<\/p>\n","protected":false},"author":1,"featured_media":11140,"comment_status":"closed","ping_status":"closed","sticky":false,"template":"","format":"standard","meta":[],"categories":[21,2],"tags":[],"_links":{"self":[{"href":"https:\/\/www.espromedbio.gob.ve\/inicio\/wp-json\/wp\/v2\/posts\/11139"}],"collection":[{"href":"https:\/\/www.espromedbio.gob.ve\/inicio\/wp-json\/wp\/v2\/posts"}],"about":[{"href":"https:\/\/www.espromedbio.gob.ve\/inicio\/wp-json\/wp\/v2\/types\/post"}],"author":[{"embeddable":true,"href":"https:\/\/www.espromedbio.gob.ve\/inicio\/wp-json\/wp\/v2\/users\/1"}],"replies":[{"embeddable":true,"href":"https:\/\/www.espromedbio.gob.ve\/inicio\/wp-json\/wp\/v2\/comments?post=11139"}],"version-history":[{"count":2,"href":"https:\/\/www.espromedbio.gob.ve\/inicio\/wp-json\/wp\/v2\/posts\/11139\/revisions"}],"predecessor-version":[{"id":11142,"href":"https:\/\/www.espromedbio.gob.ve\/inicio\/wp-json\/wp\/v2\/posts\/11139\/revisions\/11142"}],"wp:featuredmedia":[{"embeddable":true,"href":"https:\/\/www.espromedbio.gob.ve\/inicio\/wp-json\/wp\/v2\/media\/11140"}],"wp:attachment":[{"href":"https:\/\/www.espromedbio.gob.ve\/inicio\/wp-json\/wp\/v2\/media?parent=11139"}],"wp:term":[{"taxonomy":"category","embeddable":true,"href":"https:\/\/www.espromedbio.gob.ve\/inicio\/wp-json\/wp\/v2\/categories?post=11139"},{"taxonomy":"post_tag","embeddable":true,"href":"https:\/\/www.espromedbio.gob.ve\/inicio\/wp-json\/wp\/v2\/tags?post=11139"}],"curies":[{"name":"wp","href":"https:\/\/api.w.org\/{rel}","templated":true}]}}