{"id":1383,"date":"2015-09-23T13:32:15","date_gmt":"2015-09-23T18:02:15","guid":{"rendered":"http:\/\/espromedbio.gob.ve\/?p=1383"},"modified":"2015-09-23T17:02:53","modified_gmt":"2015-09-23T21:32:53","slug":"venezuela-y-trinidad-y-tobago-amplian-cooperacion-estrategica","status":"publish","type":"post","link":"https:\/\/www.espromedbio.gob.ve\/inicio\/venezuela-y-trinidad-y-tobago-amplian-cooperacion-estrategica\/","title":{"rendered":"Venezuela y Trinidad y Tobago ampl\u00edan cooperaci\u00f3n estrat\u00e9gica"},"content":{"rendered":"<div id='gallery-1' class='gallery galleryid-1383 gallery-columns-3 gallery-size-thumbnail'><figure class='gallery-item'>\n\t\t\t<div class='gallery-icon landscape'>\n\t\t\t\t<a href='https:\/\/www.espromedbio.gob.ve\/inicio\/maduro-3\/'><img width=\"150\" height=\"150\" src=\"https:\/\/www.espromedbio.gob.ve\/wp-content\/uploads\/2015\/09\/Maduro-150x150.jpg\" class=\"attachment-thumbnail size-thumbnail\" alt=\"\" loading=\"lazy\" \/><\/a>\n\t\t\t<\/div><\/figure><figure class='gallery-item'>\n\t\t\t<div class='gallery-icon landscape'>\n\t\t\t\t<a href='https:\/\/www.espromedbio.gob.ve\/inicio\/venezuela-y-trinidad-y-tobago-amplian-cooperacion-estrategica\/trinidad-y-tobago-2\/'><img width=\"150\" height=\"150\" src=\"https:\/\/www.espromedbio.gob.ve\/wp-content\/uploads\/2015\/09\/Trinidad-y-Tobago-2-150x150.jpg\" class=\"attachment-thumbnail size-thumbnail\" alt=\"\" loading=\"lazy\" \/><\/a>\n\t\t\t<\/div><\/figure><figure class='gallery-item'>\n\t\t\t<div class='gallery-icon landscape'>\n\t\t\t\t<a href='https:\/\/www.espromedbio.gob.ve\/inicio\/trinidad-y-tobago\/'><img width=\"150\" height=\"150\" src=\"https:\/\/www.espromedbio.gob.ve\/wp-content\/uploads\/2015\/09\/Trinidad-y-Tobago-150x150.png\" class=\"attachment-thumbnail size-thumbnail\" alt=\"\" loading=\"lazy\" \/><\/a>\n\t\t\t<\/div><\/figure>\n\t\t<\/div>\n\n<p><strong>Caracas, 22 Sep. Cortes\u00eda AVN.-<\/strong> Una delegaci\u00f3n venezolana integrada por el vicepresidente del \u00c1rea Econ\u00f3mica, Rodolfo Marco\u00a0Torres; la ministra para Relaciones Exteriores, Delcy Rodr\u00edguez; y el ministro para Petr\u00f3leo y Miner\u00eda y presidente de Petr\u00f3leos de Venezuela (Pdvsa), Eulogio Del Pino, se encuentra en Trinidad y Tobago para ampliar la alianza estrat\u00e9gica y de cooperaci\u00f3n con esta naci\u00f3n caribe\u00f1a.<!--more--><\/p>\n<p>Marco Torres, tambi\u00e9n ministro de Econom\u00eda y Finanzas, inform\u00f3 en su cuenta en Twitter que esta visita ser\u00e1 propicia para revisar la agenda estrat\u00e9gica bilateral. De igual modo, anunci\u00f3 que representantes de ambas naciones participar\u00e1n en mesas de trabajo para evaluar e impulsar las relaciones.<\/p>\n<p style=\"text-align: justify;\">Por su parte, la canciller, Delcy Rodr\u00edguez, se\u00f1al\u00f3 que en el encuentro con el primer ministro de Trinidad y Tobago, Keith Christopher Rowley, quien asumi\u00f3 el cargo el 9 de septiembre, se abord\u00f3 el alcance de los \u00abproyectos de energ\u00eda conjuntos, la relaci\u00f3n bilateral y regional\u00bb.<\/p>\n<p style=\"text-align: justify;\">\u00abVisitamos al nuevo Primer Ministro Keith Rowley de Trinidad y Tobago. Trajimos los saludos del Presidente Maduro y del Pueblo venezolano. Nos complace ser la primera visita extranjera que recibe el Gobierno de Rowley. Riteramos los lazos de amistad que unen a dos pueblos hermanos\u00bb, expres\u00f3 la titular de Relaciones Exteriores, a trav\u00e9s de @DrodriguezVen.<\/p>\n<p style=\"text-align: justify;\">En febrero pasado, el presidente de la Rep\u00fablica, Nicol\u00e1s Maduro, sostuvo un encuentro con su par trinitario, Anthony Carmona, para poner en marcha convenios de cooperaci\u00f3n en materia energ\u00e9tica, comercial y tur\u00edstica, as\u00ed como en seguridad, educaci\u00f3n y cultura.<\/p>\n<p style=\"text-align: justify;\">En este sentido, se acord\u00f3 una alianza energ\u00e9tica integral para la explotaci\u00f3n conjunta de yacimientos de gas, que se encuentran en la frontera mar\u00edtima de los dos pa\u00edses.<\/p>\n<p style=\"text-align: justify;\">Ambas naciones, adem\u00e1s, acordaron establecer nuevas f\u00f3rmulas de comercio compensado, que consiste en nuevos mecanismos de intercambio de las capacidades energ\u00e9ticas productivas de ambos pa\u00edses.<\/p>\n<p style=\"text-align: justify;\">\u00abHemos avanzado en la comisi\u00f3n de consulta permanente al m\u00e1s alto nivel para tratar todos los temas de la cooperaci\u00f3n con un nuevo ritmo de trabajo (&#8230;) Una nueva forma de comercio justo o comercio compensado (&#8230;) Un comercio con mucho movimiento\u00bb, explic\u00f3 el mandatario venezolano en aquella oportunidad, durante una rueda de prensa desde Puerto Espa\u00f1a.<\/p>\n<p style=\"text-align: justify;\">Maduro design\u00f3 a la canciller Delcy Rodr\u00edguez para que supervisara los acuerdos en materia de transporte a\u00e9reo y mar\u00edtimo, al igual que la ampliaci\u00f3n de las rutas tur\u00edsticas entre Venezuela y la isla caribe\u00f1a.<\/p>\n<p style=\"text-align: justify;\">En su visita a la naci\u00f3n caribe\u00f1a, el jefe de Estado destac\u00f3 adem\u00e1s las potencialidades petroleras y gas\u00edferas, as\u00ed como de producci\u00f3n de alimentos y minerales de ambas naciones. <strong>AVN<\/strong><\/p>\n","protected":false},"excerpt":{"rendered":"<p>Caracas, 22 Sep. Cortes\u00eda AVN.- Una delegaci\u00f3n venezolana integrada por el vicepresidente del \u00c1rea Econ\u00f3mica, Rodolfo Marco\u00a0Torres; la ministra para Relaciones Exteriores, Delcy Rodr\u00edguez; y el ministro para Petr\u00f3leo y Miner\u00eda y presidente de Petr\u00f3leos de Venezuela (Pdvsa), Eulogio Del Pino, se encuentra en Trinidad y Tobago para ampliar la alianza estrat\u00e9gica y de cooperaci\u00f3n [&hellip;]<\/p>\n","protected":false},"author":3,"featured_media":1385,"comment_status":"closed","ping_status":"closed","sticky":false,"template":"","format":"standard","meta":[],"categories":[21,2],"tags":[23,28],"_links":{"self":[{"href":"https:\/\/www.espromedbio.gob.ve\/inicio\/wp-json\/wp\/v2\/posts\/1383"}],"collection":[{"href":"https:\/\/www.espromedbio.gob.ve\/inicio\/wp-json\/wp\/v2\/posts"}],"about":[{"href":"https:\/\/www.espromedbio.gob.ve\/inicio\/wp-json\/wp\/v2\/types\/post"}],"author":[{"embeddable":true,"href":"https:\/\/www.espromedbio.gob.ve\/inicio\/wp-json\/wp\/v2\/users\/3"}],"replies":[{"embeddable":true,"href":"https:\/\/www.espromedbio.gob.ve\/inicio\/wp-json\/wp\/v2\/comments?post=1383"}],"version-history":[{"count":10,"href":"https:\/\/www.espromedbio.gob.ve\/inicio\/wp-json\/wp\/v2\/posts\/1383\/revisions"}],"predecessor-version":[{"id":1415,"href":"https:\/\/www.espromedbio.gob.ve\/inicio\/wp-json\/wp\/v2\/posts\/1383\/revisions\/1415"}],"wp:featuredmedia":[{"embeddable":true,"href":"https:\/\/www.espromedbio.gob.ve\/inicio\/wp-json\/wp\/v2\/media\/1385"}],"wp:attachment":[{"href":"https:\/\/www.espromedbio.gob.ve\/inicio\/wp-json\/wp\/v2\/media?parent=1383"}],"wp:term":[{"taxonomy":"category","embeddable":true,"href":"https:\/\/www.espromedbio.gob.ve\/inicio\/wp-json\/wp\/v2\/categories?post=1383"},{"taxonomy":"post_tag","embeddable":true,"href":"https:\/\/www.espromedbio.gob.ve\/inicio\/wp-json\/wp\/v2\/tags?post=1383"}],"curies":[{"name":"wp","href":"https:\/\/api.w.org\/{rel}","templated":true}]}}