{"id":1490,"date":"2015-10-06T10:12:33","date_gmt":"2015-10-06T14:42:33","guid":{"rendered":"http:\/\/espromedbio.gob.ve\/?p=1490"},"modified":"2015-10-06T10:12:33","modified_gmt":"2015-10-06T14:42:33","slug":"vicepresidentes-afinaron-estrategias-para-ofensiva-del-gobierno-de-eficiencia-en-la-calle","status":"publish","type":"post","link":"https:\/\/www.espromedbio.gob.ve\/inicio\/vicepresidentes-afinaron-estrategias-para-ofensiva-del-gobierno-de-eficiencia-en-la-calle\/","title":{"rendered":"Vicepresidentes afinaron estrategias para ofensiva del Gobierno de Eficiencia en la calle"},"content":{"rendered":"<p style=\"text-align: justify;\"><strong>Caracas, 05 Oct. Cortes\u00eda AVN.-<\/strong> El Consejo de Vicepresidentes se reuni\u00f3 este lunes con el objetivo de establecer las estrategias para la ofensiva del Gobierno de Eficiencia en la Calle, que se efectuar\u00e1 durante el mes de octubre en todo el pa\u00eds.<!--more--><\/p>\n<div class=\"cuerpo\">\n<p style=\"text-align: justify;\">A trav\u00e9s de la cuenta de Twitter de la Vicepresidencia Ejecutiva se divulg\u00f3 una fotograf\u00eda que muestra a los cinco vicepresidente de \u00c1rea junto al vicepresidente Jorge Arreaza, mientras analizaban los temas de inter\u00e9s para el desarrollo estrat\u00e9gico de la naci\u00f3n.<\/p>\n<p style=\"text-align: justify;\">A la reuni\u00f3n con Arreaza asistieron el Vicepresidente para la Soberan\u00eda Alimentaria, Carlos Osorio; para el Socialismo Territorial, Isis Ochoa; para el \u00c1rea Econ\u00f3mica, Rodolfo Marco Torres; para lo Social, Gladys Requena; para la Planificaci\u00f3n y el Conocimiento, Ricardo Men\u00e9ndez; y para el \u00c1rea Pol\u00edtica, Delcy Rodr\u00edguez.<\/p>\n<p style=\"text-align: justify;\">La semana pasada el Jefe de Estado, Nicol\u00e1s Maduro, anunci\u00f3 que a partir de este jueves iniciar\u00e1 lo que denomin\u00f3 como \u00aboctubre de ofensiva especial constructiva del Gobierno de Eficiencia en la Calle\u00bb.<\/p>\n<p style=\"text-align: justify;\">La nueva fase prev\u00e9 recorridos por todo el pa\u00eds para la inauguraci\u00f3n de obras, asambleas populares y el inicio de proyectos articulados con el pueblo.<\/p>\n<p style=\"text-align: justify;\">\u201cOctubre de trabajo popular, de militancia de calle, octubre de poder popular\u201d, destac\u00f3 el jefe de Estado durante un Consejo de ministros.\u00a0<strong>AVN<\/strong><\/p>\n<\/div>\n","protected":false},"excerpt":{"rendered":"<p>Caracas, 05 Oct. Cortes\u00eda AVN.- El Consejo de Vicepresidentes se reuni\u00f3 este lunes con el objetivo de establecer las estrategias para la ofensiva del Gobierno de Eficiencia en la Calle, que se efectuar\u00e1 durante el mes de octubre en todo el pa\u00eds.<\/p>\n","protected":false},"author":3,"featured_media":1492,"comment_status":"closed","ping_status":"closed","sticky":false,"template":"","format":"standard","meta":[],"categories":[21,2],"tags":[51,23],"_links":{"self":[{"href":"https:\/\/www.espromedbio.gob.ve\/inicio\/wp-json\/wp\/v2\/posts\/1490"}],"collection":[{"href":"https:\/\/www.espromedbio.gob.ve\/inicio\/wp-json\/wp\/v2\/posts"}],"about":[{"href":"https:\/\/www.espromedbio.gob.ve\/inicio\/wp-json\/wp\/v2\/types\/post"}],"author":[{"embeddable":true,"href":"https:\/\/www.espromedbio.gob.ve\/inicio\/wp-json\/wp\/v2\/users\/3"}],"replies":[{"embeddable":true,"href":"https:\/\/www.espromedbio.gob.ve\/inicio\/wp-json\/wp\/v2\/comments?post=1490"}],"version-history":[{"count":1,"href":"https:\/\/www.espromedbio.gob.ve\/inicio\/wp-json\/wp\/v2\/posts\/1490\/revisions"}],"predecessor-version":[{"id":1491,"href":"https:\/\/www.espromedbio.gob.ve\/inicio\/wp-json\/wp\/v2\/posts\/1490\/revisions\/1491"}],"wp:featuredmedia":[{"embeddable":true,"href":"https:\/\/www.espromedbio.gob.ve\/inicio\/wp-json\/wp\/v2\/media\/1492"}],"wp:attachment":[{"href":"https:\/\/www.espromedbio.gob.ve\/inicio\/wp-json\/wp\/v2\/media?parent=1490"}],"wp:term":[{"taxonomy":"category","embeddable":true,"href":"https:\/\/www.espromedbio.gob.ve\/inicio\/wp-json\/wp\/v2\/categories?post=1490"},{"taxonomy":"post_tag","embeddable":true,"href":"https:\/\/www.espromedbio.gob.ve\/inicio\/wp-json\/wp\/v2\/tags?post=1490"}],"curies":[{"name":"wp","href":"https:\/\/api.w.org\/{rel}","templated":true}]}}