{"id":1553,"date":"2015-10-09T10:08:49","date_gmt":"2015-10-09T14:38:49","guid":{"rendered":"http:\/\/espromedbio.gob.ve\/?p=1553"},"modified":"2015-10-09T10:08:49","modified_gmt":"2015-10-09T14:38:49","slug":"pueblos-indigenas-presentaron-propuestas-para-el-desarrollo-del-pais","status":"publish","type":"post","link":"https:\/\/www.espromedbio.gob.ve\/inicio\/pueblos-indigenas-presentaron-propuestas-para-el-desarrollo-del-pais\/","title":{"rendered":"Pueblos ind\u00edgenas presentaron propuestas para el desarrollo del pa\u00eds"},"content":{"rendered":"<p style=\"text-align: justify;\"><strong>Caracas, 08 Oct. Cortes\u00eda AVN.-<\/strong> Este jueves, representantes de organizaciones ind\u00edgenas sostuvieron un encuentro con el vicepresidente Ejecutivo, Jorge Arreaza, en el que presentaron sus propuestas y proyectos para impulsar el desarrollo del pa\u00eds, de cara a la conmemoraci\u00f3n del D\u00eda de la Resistencia Ind\u00edgena, que se celebrar\u00e1 el pr\u00f3ximo lunes.<!--more--><\/p>\n<div class=\"cuerpo\">\n<p style=\"text-align: justify;\">Entre las agrupaciones que asistieron al evento se encuentra el Comit\u00e9 de Derechos Humanos de la Guajira, Federaci\u00f3n Ind\u00edgena de Bol\u00edvar, la Organizaci\u00f3n Way\u00fau, Organizaci\u00f3n de pueblos de Anzo\u00e1tegui, el Consejo Nacional Indio de Venezuela, la Organizaci\u00f3n Regional de Pueblos Ind\u00edgenas de Amazonas, entre otros, refiere una nota informativa de la Vicepresidencia de la Rep\u00fablica.<\/p>\n<p style=\"text-align: justify;\">\u00abRumbo al d\u00eda de la Resistencia, pueblos y organizaciones ind\u00edgenas de todo el pa\u00eds nos plantean sus proyectos\u00bb, expres\u00f3 el vicepresidente Arreaza a trav\u00e9s de su cuenta en Twitter, @jaarreaza\u00a0.<\/p>\n<p style=\"text-align: justify;\">Este encuentro se hizo de manera simult\u00e1nea en Distrito Capital y Zulia.\u00a0<strong>AVN<\/strong><\/p>\n<\/div>\n","protected":false},"excerpt":{"rendered":"<p>Caracas, 08 Oct. Cortes\u00eda AVN.- Este jueves, representantes de organizaciones ind\u00edgenas sostuvieron un encuentro con el vicepresidente Ejecutivo, Jorge Arreaza, en el que presentaron sus propuestas y proyectos para impulsar el desarrollo del pa\u00eds, de cara a la conmemoraci\u00f3n del D\u00eda de la Resistencia Ind\u00edgena, que se celebrar\u00e1 el pr\u00f3ximo lunes.<\/p>\n","protected":false},"author":3,"featured_media":1555,"comment_status":"closed","ping_status":"closed","sticky":false,"template":"","format":"standard","meta":[],"categories":[21,2],"tags":[24,51],"_links":{"self":[{"href":"https:\/\/www.espromedbio.gob.ve\/inicio\/wp-json\/wp\/v2\/posts\/1553"}],"collection":[{"href":"https:\/\/www.espromedbio.gob.ve\/inicio\/wp-json\/wp\/v2\/posts"}],"about":[{"href":"https:\/\/www.espromedbio.gob.ve\/inicio\/wp-json\/wp\/v2\/types\/post"}],"author":[{"embeddable":true,"href":"https:\/\/www.espromedbio.gob.ve\/inicio\/wp-json\/wp\/v2\/users\/3"}],"replies":[{"embeddable":true,"href":"https:\/\/www.espromedbio.gob.ve\/inicio\/wp-json\/wp\/v2\/comments?post=1553"}],"version-history":[{"count":2,"href":"https:\/\/www.espromedbio.gob.ve\/inicio\/wp-json\/wp\/v2\/posts\/1553\/revisions"}],"predecessor-version":[{"id":1556,"href":"https:\/\/www.espromedbio.gob.ve\/inicio\/wp-json\/wp\/v2\/posts\/1553\/revisions\/1556"}],"wp:featuredmedia":[{"embeddable":true,"href":"https:\/\/www.espromedbio.gob.ve\/inicio\/wp-json\/wp\/v2\/media\/1555"}],"wp:attachment":[{"href":"https:\/\/www.espromedbio.gob.ve\/inicio\/wp-json\/wp\/v2\/media?parent=1553"}],"wp:term":[{"taxonomy":"category","embeddable":true,"href":"https:\/\/www.espromedbio.gob.ve\/inicio\/wp-json\/wp\/v2\/categories?post=1553"},{"taxonomy":"post_tag","embeddable":true,"href":"https:\/\/www.espromedbio.gob.ve\/inicio\/wp-json\/wp\/v2\/tags?post=1553"}],"curies":[{"name":"wp","href":"https:\/\/api.w.org\/{rel}","templated":true}]}}