{"id":1673,"date":"2015-10-14T09:58:31","date_gmt":"2015-10-14T14:28:31","guid":{"rendered":"http:\/\/espromedbio.gob.ve\/?p=1673"},"modified":"2015-10-14T09:58:31","modified_gmt":"2015-10-14T14:28:31","slug":"museo-de-arte-jesus-soto-presentara-muestras-por-la-resistencia-indigena","status":"publish","type":"post","link":"https:\/\/www.espromedbio.gob.ve\/inicio\/museo-de-arte-jesus-soto-presentara-muestras-por-la-resistencia-indigena\/","title":{"rendered":"Museo de Arte Jes\u00fas Soto presentar\u00e1 muestras por la Resistencia Ind\u00edgena"},"content":{"rendered":"<div class=\"cuerpo\">\n<div>\n<p style=\"text-align: justify;\"><strong>Ciudad Bol\u00edvar, 13 Oct. Cortes\u00eda AVN.-<\/strong> El Museo de Arte Moderno Jes\u00fas Soto de Ciudad Bol\u00edvar abrir\u00e1 este jueves 15 de octubre un ciclo de cine y conferencias dedicado a la lucha de los pueblos originarios contra la transculturizaci\u00f3n, la erradicacion territorial y la destrucci\u00f3n de su medio ambiente, iniciada desde el momento de la llegada de los conquistadores espa\u00f1oles al continente hace 513 a\u00f1os.<\/p>\n<p style=\"text-align: justify;\">La instituci\u00f3n informa, mediante nota de prensa, que este ciclo comenzar\u00e1 con la proyecci\u00f3n de la pel\u00edcula documental <em>Sabino Vive, Las \u00daltimas Fronteras<\/em> el jueves a las siete de la noche.<\/p>\n<p style=\"text-align: justify;\">Esta pel\u00edcula fue realizada por el cineasta venezolano Carlos Azp\u00farua y hace honor a la vida del cacique yukpa Sabino Romero, quien fue asesinado el 3 de marzo de 2013 en un hecho vinculado a su larga lucha contra los terratenientes que ven\u00edan apoder\u00e1ndose de las tierras de los pueblos originarios del estado Zulia.<\/p>\n<p style=\"text-align: justify;\">En el marco de este mismo ciclo, el s\u00e1bado 17 se proyectar\u00e1n los largometrajes <em>Patoruzito<\/em>, a las cuatro de la tarde, y luego <em>Generaci\u00f3n Robada<\/em>, a las seite de la noche.<\/p>\n<p style=\"text-align: justify;\">La pel\u00edcula <em>Patoruzito<\/em> cuenta la historia de un joven ind\u00edgena destinado a ser un gran cacique, pero que primero debe superar tres pruebas que demostrar\u00e1n su habilidad, su valent\u00eda y su honor.<\/p>\n<p style=\"text-align: justify;\">Por su parte <em>Generaci\u00f3n Robada<\/em> cuenta una historia ocurrida en el a\u00f1o 1931 en Australia, en la que tres ni\u00f1as mestizas, una de ellas llamada Molly, huyen de una instituci\u00f3n creada por el gobierno australiano para educar a las hijas de blancos y abor\u00edgenes y convertirlas en sirvientas para la alta sociedad blanca de ese pa\u00eds.<\/p>\n<p style=\"text-align: justify;\">Las tres ni\u00f1as emprenden una odisea para recorrer m\u00e1s de 2.400 kil\u00f3metros de regreso a la tierra que consideran su hogar, junto a sus abuelos y familiares abor\u00edgenes y de la cual fueron desarraigadas por la decisi\u00f3n de autoridades que desconocen totalmente la cultura y derechos de los habitantes originarios de este pa\u00eds.<\/p>\n<p style=\"text-align: justify;\">De manera simult\u00e1nea, el museo Soto alberga durante toda la semana las exposiciones <em>Presencia geom\u00e9trica, Ritmos transversales<\/em> de Aim\u00e9e Batistini, guayanesa que form\u00f3 parte del movimiento \u00abLos Disidentes\u00bb en la primera mitad del siglo XX, as\u00ed como una muestra denominada <em>Maestros y Maestras Guayanesas<\/em>, conformada por obras de artistas actuales del estado Bol\u00edvar.<\/p>\n<p style=\"text-align: justify;\">Otra muestra anunciada por el Museo de Arte Jes\u00fas Soto es la exposici\u00f3n<em>Presencia Geom\u00e9trica<\/em>, con obras de los artistas Juvenal Ravelo, Julio Pacheco Rivas, Ernest Petras, Pedro Brice\u00f1o, Octavio Herrera, Daniel Su\u00e1rez, \u00c1ngel Hern\u00e1ndez, Rafael Mart\u00ednez, Edgar Guinand y Esteban Castillo.<\/p>\n<p style=\"text-align: justify;\">La misma apunta a mostrar al p\u00fablico que la abstracci\u00f3n geom\u00e9trica ha seguido evolucionando desde su momento cumbre a mediados del siglo XX y se actualiza d\u00eda a d\u00eda a trav\u00e9s de la obra y visi\u00f3n de nuevos artistas venezolanos y de otros pa\u00edses.\u00a0<strong>AVN<\/strong><\/p>\n<\/div>\n<\/div>\n<p style=\"text-align: justify;\">\n","protected":false},"excerpt":{"rendered":"<p>Ciudad Bol\u00edvar, 13 Oct. Cortes\u00eda AVN.- El Museo de Arte Moderno Jes\u00fas Soto de Ciudad Bol\u00edvar abrir\u00e1 este jueves 15 de octubre un ciclo de cine y conferencias dedicado a la lucha de los pueblos originarios contra la transculturizaci\u00f3n, la erradicacion territorial y la destrucci\u00f3n de su medio ambiente, iniciada desde el momento de la [&hellip;]<\/p>\n","protected":false},"author":3,"featured_media":1675,"comment_status":"closed","ping_status":"closed","sticky":false,"template":"","format":"standard","meta":[],"categories":[21,2],"tags":[24],"_links":{"self":[{"href":"https:\/\/www.espromedbio.gob.ve\/inicio\/wp-json\/wp\/v2\/posts\/1673"}],"collection":[{"href":"https:\/\/www.espromedbio.gob.ve\/inicio\/wp-json\/wp\/v2\/posts"}],"about":[{"href":"https:\/\/www.espromedbio.gob.ve\/inicio\/wp-json\/wp\/v2\/types\/post"}],"author":[{"embeddable":true,"href":"https:\/\/www.espromedbio.gob.ve\/inicio\/wp-json\/wp\/v2\/users\/3"}],"replies":[{"embeddable":true,"href":"https:\/\/www.espromedbio.gob.ve\/inicio\/wp-json\/wp\/v2\/comments?post=1673"}],"version-history":[{"count":1,"href":"https:\/\/www.espromedbio.gob.ve\/inicio\/wp-json\/wp\/v2\/posts\/1673\/revisions"}],"predecessor-version":[{"id":1674,"href":"https:\/\/www.espromedbio.gob.ve\/inicio\/wp-json\/wp\/v2\/posts\/1673\/revisions\/1674"}],"wp:featuredmedia":[{"embeddable":true,"href":"https:\/\/www.espromedbio.gob.ve\/inicio\/wp-json\/wp\/v2\/media\/1675"}],"wp:attachment":[{"href":"https:\/\/www.espromedbio.gob.ve\/inicio\/wp-json\/wp\/v2\/media?parent=1673"}],"wp:term":[{"taxonomy":"category","embeddable":true,"href":"https:\/\/www.espromedbio.gob.ve\/inicio\/wp-json\/wp\/v2\/categories?post=1673"},{"taxonomy":"post_tag","embeddable":true,"href":"https:\/\/www.espromedbio.gob.ve\/inicio\/wp-json\/wp\/v2\/tags?post=1673"}],"curies":[{"name":"wp","href":"https:\/\/api.w.org\/{rel}","templated":true}]}}