{"id":1850,"date":"2015-11-02T11:58:10","date_gmt":"2015-11-02T16:28:10","guid":{"rendered":"http:\/\/espromedbio.gob.ve\/?p=1850"},"modified":"2015-11-02T11:58:10","modified_gmt":"2015-11-02T16:28:10","slug":"consejo-federal-de-gobierno-se-reunira-el-proximo-martes","status":"publish","type":"post","link":"https:\/\/www.espromedbio.gob.ve\/inicio\/consejo-federal-de-gobierno-se-reunira-el-proximo-martes\/","title":{"rendered":"Consejo Federal de Gobierno se reunir\u00e1 el pr\u00f3ximo martes"},"content":{"rendered":"<div class=\"cuerpo\">\n<div>\n<p style=\"text-align: justify;\"><strong>Caracas, 01 Nov. Cortes\u00eda AVN.-<\/strong> El vicepresidente Ejecutivo, Jorge Arreaza, inform\u00f3 este domingo que el\u00a0Consejo\u00a0Federal\u00a0de\u00a0Gobierno\u00a0(CFG) efectuar\u00e1 el martes 3 de noviembre su sesi\u00f3n plenaria, prevista inicialmente este lunes.<\/p>\n<p style=\"text-align: justify;\">La informaci\u00f3n la dio a conocer el vicepresidente Ejecutivo a trav\u00e9s de su cuenta en Twitter,\u00a0@jaarreaza, dato que fue acompa\u00f1ado con una imagen alusiva al encuentro de representantes del Ejecutivo con gobernadores, alcaldes y el poder popular.<\/p>\n<p style=\"text-align: justify;\">Para esta sesi\u00f3n est\u00e1 previsto aprobar los recursos que ser\u00e1n destinados a proyectos del poder popular para el a\u00f1o que viene, entre los que destacan la instalaci\u00f3n de diez plantas de tratamiento de residuos y saneamiento en el pa\u00eds, la instalaci\u00f3n de Salas de Gesti\u00f3n Comunitarias de Agua, entre otros proyectos que ser\u00e1n presentados por los gobernadores, alcaldes y poder popular, ese d\u00eda.<\/p>\n<p style=\"text-align: justify;\">De acuerdo con el art\u00edculo 2 de la <em>Ley Org\u00e1nica del Consejo Federal de Gobierno<\/em>, el CFG es definido como el \u00f3rgano encargado de planificar y coordinar las acciones y pol\u00edticas que permiten el desarrollo \u00abdel proceso de descentralizaci\u00f3n y transferencia de competencias del Poder Nacional a los estados y municipios. \u00a0En consecuencia, el Consejo Federal de Gobierno establece los lineamientos que se aplican a los procesos de transferencia de las competencias y atribuciones de las entidades territoriales, hacia las organizaciones de base del Poder Popular\u00bb.\u00a0<strong>AVN<\/strong><\/p>\n<\/div>\n<\/div>\n","protected":false},"excerpt":{"rendered":"<p>Caracas, 01 Nov. Cortes\u00eda AVN.- El vicepresidente Ejecutivo, Jorge Arreaza, inform\u00f3 este domingo que el\u00a0Consejo\u00a0Federal\u00a0de\u00a0Gobierno\u00a0(CFG) efectuar\u00e1 el martes 3 de noviembre su sesi\u00f3n plenaria, prevista inicialmente este lunes. La informaci\u00f3n la dio a conocer el vicepresidente Ejecutivo a trav\u00e9s de su cuenta en Twitter,\u00a0@jaarreaza, dato que fue acompa\u00f1ado con una imagen alusiva al encuentro de [&hellip;]<\/p>\n","protected":false},"author":3,"featured_media":1851,"comment_status":"closed","ping_status":"closed","sticky":false,"template":"","format":"standard","meta":[],"categories":[21,2],"tags":[51],"_links":{"self":[{"href":"https:\/\/www.espromedbio.gob.ve\/inicio\/wp-json\/wp\/v2\/posts\/1850"}],"collection":[{"href":"https:\/\/www.espromedbio.gob.ve\/inicio\/wp-json\/wp\/v2\/posts"}],"about":[{"href":"https:\/\/www.espromedbio.gob.ve\/inicio\/wp-json\/wp\/v2\/types\/post"}],"author":[{"embeddable":true,"href":"https:\/\/www.espromedbio.gob.ve\/inicio\/wp-json\/wp\/v2\/users\/3"}],"replies":[{"embeddable":true,"href":"https:\/\/www.espromedbio.gob.ve\/inicio\/wp-json\/wp\/v2\/comments?post=1850"}],"version-history":[{"count":1,"href":"https:\/\/www.espromedbio.gob.ve\/inicio\/wp-json\/wp\/v2\/posts\/1850\/revisions"}],"predecessor-version":[{"id":1852,"href":"https:\/\/www.espromedbio.gob.ve\/inicio\/wp-json\/wp\/v2\/posts\/1850\/revisions\/1852"}],"wp:featuredmedia":[{"embeddable":true,"href":"https:\/\/www.espromedbio.gob.ve\/inicio\/wp-json\/wp\/v2\/media\/1851"}],"wp:attachment":[{"href":"https:\/\/www.espromedbio.gob.ve\/inicio\/wp-json\/wp\/v2\/media?parent=1850"}],"wp:term":[{"taxonomy":"category","embeddable":true,"href":"https:\/\/www.espromedbio.gob.ve\/inicio\/wp-json\/wp\/v2\/categories?post=1850"},{"taxonomy":"post_tag","embeddable":true,"href":"https:\/\/www.espromedbio.gob.ve\/inicio\/wp-json\/wp\/v2\/tags?post=1850"}],"curies":[{"name":"wp","href":"https:\/\/api.w.org\/{rel}","templated":true}]}}