{"id":2049,"date":"2015-12-01T09:33:06","date_gmt":"2015-12-01T14:03:06","guid":{"rendered":"http:\/\/espromedbio.gob.ve\/?p=2049"},"modified":"2015-12-01T09:33:06","modified_gmt":"2015-12-01T14:03:06","slug":"sesiones-de-trabajo-se-inician-este-martes-en-la-cumbre-del-cambio-climatico-en-paris","status":"publish","type":"post","link":"https:\/\/www.espromedbio.gob.ve\/inicio\/sesiones-de-trabajo-se-inician-este-martes-en-la-cumbre-del-cambio-climatico-en-paris\/","title":{"rendered":"Sesiones de trabajo se inician este martes en la Cumbre del Cambio Clim\u00e1tico en Par\u00eds"},"content":{"rendered":"<div class=\"cuerpo\">\n<div>\n<p style=\"text-align: justify;\"><strong>Caracas, 01 Dic. Cortes\u00eda AVN.- <\/strong>Este martes se inician las sesiones de trabajo de la\u00a021\u00ba Conferencia de las Partes (COP) de la Convenci\u00f3n Marco de Naciones Unidas sobre Cambio Clim\u00e1tico (UNFCCC), que se realiza en Par\u00eds, Francia.<\/p>\n<p style=\"text-align: justify;\">En el evento, que comenz\u00f3 este lunes y se extender\u00e1 hasta el pr\u00f3ximo 11 de diciembre, 150 jefes de Estado y de gobierno buscan concretar propuestas y alternativas para la conservaci\u00f3n del medio ambiente.<\/p>\n<p style=\"text-align: justify;\">Delegados y mandatarios seguir\u00e1n exponiendo sus planteamientos en esta cita del cambio clim\u00e1tico para tratar de\u00a0llegar a un acuerdo vinculante a fin de reducir la emisi\u00f3n de gases, con el prop\u00f3sito de que la temperatura global del planeta no aumente en m\u00e1s de 2\u00ba C, l\u00edmite establecido para impedir consecuencias desastrosas para la humanidad.<\/p>\n<p style=\"text-align: justify;\">El encuentro fue inaugurado este lunes con la intervenci\u00f3n\u00a0del secretario general de la Organizaci\u00f3n de Naciones Unidas (ONU), Ban Ki Moon, quien\u00a0inst\u00f3 a los l\u00edderes de los pa\u00edses desarrollados a responder con visi\u00f3n y fuerza, y a movilizar los recursos prometidos hasta 2020, para llegar a un pacto que reduzca la emisi\u00f3n de gases de efecto invernadero.<\/p>\n<p style=\"text-align: justify;\">\u00abHay que proponer un proyecto de largo plazo, que sea apoyado por ustedes, que vaya por la meta de menos de 2\u00ba C (de calentamiento global), y que reconozca el imperativo de un fortalecimiento de la resiliencia. El margen de maniobra de los pa\u00edses en desarrollo es muy peque\u00f1o, y es por ello que el mundo entero debe contener el aumento de la temperatura y dejarlo en 1,5 grados\u00bb, precis\u00f3 Ban.<\/p>\n<p style=\"text-align: justify;\">En la jornada inaugural tambi\u00e9n intervinieron los presidente de Ecuador, Rafael Correa, y de Bolivia, Evo Morales, quienes manifestaron su preocupaci\u00f3n por los efectos del cambio clim\u00e1tico.<\/p>\n<p style=\"text-align: justify;\">Correa\u00a0propuso crear la Corte Internacional de Justicia Ambiental para sancionar los atentados contra los derechos de la naturaleza y establecer las obligaciones en cuanto a la deuda ecol\u00f3gica de consumo de bienes ambientales, mientras que Morales\u00a0hizo un llamado a las potencias, imperios y gobiernos del mundo a cesar la irreversible destrucci\u00f3n de la Madre Tierra.<\/p>\n<p style=\"text-align: justify;\">Asimismo, la jefa de Estado de Brasil,\u00a0Dilma\u00a0Rousseff, inst\u00f3 este lunes a la uni\u00f3n de las naciones para lograr un acuerdo equitativo, ambicioso y duradero, que no s\u00f3lo permita reducir las emisiones de gases sino que contribuya al desarrollo mundial.<\/p>\n<p style=\"text-align: justify;\">\u00abHay un sentimiento de urgencia y tenemos que dar muestras de liderazgo. Nuestra acci\u00f3n ser\u00e1 \u00fatil si es colectiva. La mejor manera de buscar soluciones es unirnos para encontrar un acuerdo equitativo, ambicioso y duradero\u00bb, expres\u00f3.<\/p>\n<p style=\"text-align: justify;\">Igualmente, el mandatario de Rusia, Vladimir Putin, plante\u00f3 realizar un foro en la ONU para analizar el agotamiento de los recursos naturales en el planeta, al tiempo que el\u00a0dignatario de Francia,\u00a0Fran\u00e7ois Hollande, recalc\u00f3 que el futuro del planeta depender\u00e1 de las decisiones que se tomen en esta 21\u00ba Conferencia. <strong><span class=\"avn\">AVN<\/span><\/strong><span class=\"Apple-converted-space\"><br \/>\n<\/span><\/p>\n<\/div>\n<\/div>\n","protected":false},"excerpt":{"rendered":"<p>Caracas, 01 Dic. Cortes\u00eda AVN.- Este martes se inician las sesiones de trabajo de la\u00a021\u00ba Conferencia de las Partes (COP) de la Convenci\u00f3n Marco de Naciones Unidas sobre Cambio Clim\u00e1tico (UNFCCC), que se realiza en Par\u00eds, Francia. En el evento, que comenz\u00f3 este lunes y se extender\u00e1 hasta el pr\u00f3ximo 11 de diciembre, 150 jefes [&hellip;]<\/p>\n","protected":false},"author":3,"featured_media":2050,"comment_status":"closed","ping_status":"closed","sticky":false,"template":"","format":"standard","meta":[],"categories":[21,2],"tags":[87],"_links":{"self":[{"href":"https:\/\/www.espromedbio.gob.ve\/inicio\/wp-json\/wp\/v2\/posts\/2049"}],"collection":[{"href":"https:\/\/www.espromedbio.gob.ve\/inicio\/wp-json\/wp\/v2\/posts"}],"about":[{"href":"https:\/\/www.espromedbio.gob.ve\/inicio\/wp-json\/wp\/v2\/types\/post"}],"author":[{"embeddable":true,"href":"https:\/\/www.espromedbio.gob.ve\/inicio\/wp-json\/wp\/v2\/users\/3"}],"replies":[{"embeddable":true,"href":"https:\/\/www.espromedbio.gob.ve\/inicio\/wp-json\/wp\/v2\/comments?post=2049"}],"version-history":[{"count":1,"href":"https:\/\/www.espromedbio.gob.ve\/inicio\/wp-json\/wp\/v2\/posts\/2049\/revisions"}],"predecessor-version":[{"id":2051,"href":"https:\/\/www.espromedbio.gob.ve\/inicio\/wp-json\/wp\/v2\/posts\/2049\/revisions\/2051"}],"wp:featuredmedia":[{"embeddable":true,"href":"https:\/\/www.espromedbio.gob.ve\/inicio\/wp-json\/wp\/v2\/media\/2050"}],"wp:attachment":[{"href":"https:\/\/www.espromedbio.gob.ve\/inicio\/wp-json\/wp\/v2\/media?parent=2049"}],"wp:term":[{"taxonomy":"category","embeddable":true,"href":"https:\/\/www.espromedbio.gob.ve\/inicio\/wp-json\/wp\/v2\/categories?post=2049"},{"taxonomy":"post_tag","embeddable":true,"href":"https:\/\/www.espromedbio.gob.ve\/inicio\/wp-json\/wp\/v2\/tags?post=2049"}],"curies":[{"name":"wp","href":"https:\/\/api.w.org\/{rel}","templated":true}]}}