{"id":2055,"date":"2015-12-03T11:55:29","date_gmt":"2015-12-03T16:25:29","guid":{"rendered":"http:\/\/espromedbio.gob.ve\/?p=2055"},"modified":"2015-12-03T11:55:29","modified_gmt":"2015-12-03T16:25:29","slug":"atencion-integral-y-empoderamiento-han-sido-prioridades-para-personas-con-discapacidad","status":"publish","type":"post","link":"https:\/\/www.espromedbio.gob.ve\/inicio\/atencion-integral-y-empoderamiento-han-sido-prioridades-para-personas-con-discapacidad\/","title":{"rendered":"Atenci\u00f3n integral y empoderamiento han sido prioridades para personas con discapacidad"},"content":{"rendered":"<div class=\"cuerpo\">\n<div>\n<p style=\"text-align: justify;\"><strong>Caracas, 03 Dic. Cortes\u00eda AVN.-<\/strong> Inversi\u00f3n econ\u00f3mica, social, dotaci\u00f3n de ayudas t\u00e9cnicas y el empoderamiento del poder popular a trav\u00e9s de los comit\u00e9s comunitarios de personas con discapacadad, sus familias y entornos son l\u00edneas que el Gobierno Bolivariano ha potenciado para la atenci\u00f3n integral de los ciudadanos y ciudadanas con esta condici\u00f3n.<\/p>\n<p style=\"text-align: justify;\">A prop\u00f3sito del D\u00eda Internacional de las Personas con Discapacidad, este 3 de diciembre, el director del Programa de Atenci\u00f3n Integral para las Personas con Discapacidad (Pasdis), del Ministerio para la Salud, Nixon Contreras, destac\u00f3 que durante la Revoluci\u00f3n Bolivariana se ha visibilizado a estos ciudadanos y han tenido \u00abla oportunidad de estudiar, hacer deporte, trabajar e incluirse en la sociedad\u00bb.<\/p>\n<p style=\"text-align: justify;\">En sus declaraciones, recogidas en una nota de prensa de dicho despacho, Contreras resalt\u00f3 que el Gobierno Bolivariano ha invertido durante 2015 alrededor 34 millones de bol\u00edvares a la atenci\u00f3n de las personas que presentan alg\u00fan tipo de discapacidad.<\/p>\n<p style=\"text-align: justify;\">Explic\u00f3 que la mayor inversi\u00f3n se ha acentuado en la entrega gratuita de 3.500 pr\u00f3tesis auditivas en todo el pa\u00eds, para lo cual se destinaron 18 millones 635 mil 639 bol\u00edvares y apunt\u00f3 que estiman llegar a otorgar las 4.000 audiopr\u00f3tesis antes de concluir este a\u00f1o.<\/p>\n<p style=\"text-align: justify;\"><strong>Atenci\u00f3n y ayudas t\u00e9cnicas<\/strong><\/p>\n<p style=\"text-align: justify;\">Destac\u00f3 que a trav\u00e9s del Pasdis se garantizan ayudas t\u00e9cnicas y artificios ortop\u00e9dicos en todo el territorio nacional, como sillas de ruedas, andaderas, bast\u00f3n de rastreo, camas cl\u00ednicas, colchones antiescaras, coches ortop\u00e9dicos, pr\u00f3tesis auditivas, grabadoras de voz, entre otros.<\/p>\n<p style=\"text-align: justify;\">En Venezuela se cuenta, adem\u00e1s, con 16 laboratorios encargados de ensamblar las pr\u00f3tesis en todo el pa\u00eds, a trav\u00e9s del convenio de cooperaci\u00f3n Cuba-Venezuela.<\/p>\n<p style=\"text-align: justify;\">De igual forma, mencion\u00f3 que 180.000 personas han sido atendidas este a\u00f1o a trav\u00e9s de 12 servicios de rehabilitaci\u00f3n en el \u00e1rea de neurolog\u00eda m\u00fasculo esquel\u00e9tica, visual, voz-habla-auditivo, cardiovascular, sensitiva y mental (espec\u00edficamente las unidades de autismo).<\/p>\n<p style=\"text-align: justify;\">Han sido dotados de equipos de alta tecnolog\u00eda durante el a\u00f1o ocho unidades de rehabilitaci\u00f3n cardiovascular en los estados Amazonas, Apure, T\u00e1chira, Vargas, Yaracuy, Cojedes, Delta Amacuro y Miranda.<\/p>\n<p style=\"text-align: justify;\"><strong>Empoderamiento casa a casa<\/strong><\/p>\n<p style=\"text-align: justify;\">Contreras se\u00f1al\u00f3 que se han capacitado a 8.857 personas de las comunidades para el cuidado de personas con discapacidad.<\/p>\n<p style=\"text-align: justify;\">En este sentido, resalt\u00f3 la promoci\u00f3n de 5.100 actividades en el \u00e1mbito nacional de car\u00e1cter formativo, deportivas, culturales y recreativas para consolidar los comit\u00e9s comunitarios de personas con discapacidad, sus familias y entornos.<\/p>\n<p style=\"text-align: justify;\">Tambi\u00e9n recalc\u00f3 que el Pasdis se ha activado por todo el territorio nacional para realizar la tercera visita casa por casa, con el objetivo de hacer seguimiento a m\u00e1s de 300.000 personas atendidas en a\u00f1os anteriores y de abordar los casos nuevos de discapacidad. <span class=\"avn\"><strong>AVN\/Foto: Correo del Orinoco<\/strong><br \/>\n<\/span><\/p>\n<\/div>\n<\/div>\n","protected":false},"excerpt":{"rendered":"<p>Caracas, 03 Dic. Cortes\u00eda AVN.- Inversi\u00f3n econ\u00f3mica, social, dotaci\u00f3n de ayudas t\u00e9cnicas y el empoderamiento del poder popular a trav\u00e9s de los comit\u00e9s comunitarios de personas con discapacadad, sus familias y entornos son l\u00edneas que el Gobierno Bolivariano ha potenciado para la atenci\u00f3n integral de los ciudadanos y ciudadanas con esta condici\u00f3n. A prop\u00f3sito del [&hellip;]<\/p>\n","protected":false},"author":3,"featured_media":2056,"comment_status":"closed","ping_status":"closed","sticky":false,"template":"","format":"standard","meta":[],"categories":[21,2],"tags":[79,60],"_links":{"self":[{"href":"https:\/\/www.espromedbio.gob.ve\/inicio\/wp-json\/wp\/v2\/posts\/2055"}],"collection":[{"href":"https:\/\/www.espromedbio.gob.ve\/inicio\/wp-json\/wp\/v2\/posts"}],"about":[{"href":"https:\/\/www.espromedbio.gob.ve\/inicio\/wp-json\/wp\/v2\/types\/post"}],"author":[{"embeddable":true,"href":"https:\/\/www.espromedbio.gob.ve\/inicio\/wp-json\/wp\/v2\/users\/3"}],"replies":[{"embeddable":true,"href":"https:\/\/www.espromedbio.gob.ve\/inicio\/wp-json\/wp\/v2\/comments?post=2055"}],"version-history":[{"count":1,"href":"https:\/\/www.espromedbio.gob.ve\/inicio\/wp-json\/wp\/v2\/posts\/2055\/revisions"}],"predecessor-version":[{"id":2057,"href":"https:\/\/www.espromedbio.gob.ve\/inicio\/wp-json\/wp\/v2\/posts\/2055\/revisions\/2057"}],"wp:featuredmedia":[{"embeddable":true,"href":"https:\/\/www.espromedbio.gob.ve\/inicio\/wp-json\/wp\/v2\/media\/2056"}],"wp:attachment":[{"href":"https:\/\/www.espromedbio.gob.ve\/inicio\/wp-json\/wp\/v2\/media?parent=2055"}],"wp:term":[{"taxonomy":"category","embeddable":true,"href":"https:\/\/www.espromedbio.gob.ve\/inicio\/wp-json\/wp\/v2\/categories?post=2055"},{"taxonomy":"post_tag","embeddable":true,"href":"https:\/\/www.espromedbio.gob.ve\/inicio\/wp-json\/wp\/v2\/tags?post=2055"}],"curies":[{"name":"wp","href":"https:\/\/api.w.org\/{rel}","templated":true}]}}