{"id":2244,"date":"2016-02-04T10:15:40","date_gmt":"2016-02-04T14:45:40","guid":{"rendered":"http:\/\/espromedbio.gob.ve\/?p=2244"},"modified":"2016-02-04T10:16:20","modified_gmt":"2016-02-04T14:46:20","slug":"rebelion-del-4f-logro-la-conexion-entre-el-pueblo-y-el-pensamiento-bolivariano","status":"publish","type":"post","link":"https:\/\/www.espromedbio.gob.ve\/inicio\/rebelion-del-4f-logro-la-conexion-entre-el-pueblo-y-el-pensamiento-bolivariano\/","title":{"rendered":"Rebeli\u00f3n del 4F logr\u00f3 la conexi\u00f3n entre el pueblo y el pensamiento bolivariano"},"content":{"rendered":"<div class=\"cuerpo\">\n<div>\n<p style=\"text-align: justify;\"><strong>Caracas, 04 Feb. Cortes\u00eda AVN.-<\/strong> La rebeli\u00f3n del 4 de febrero de 1992 represent\u00f3 la esperanza de los j\u00f3venes que luchaban contra los dict\u00e1menes del puntofijismo y el entreguismo de las c\u00fapulas empresariales, y ese d\u00eda \u00abse logr\u00f3 esa conexi\u00f3n real entre el pueblo y el pensamiento bolivariano\u00bb, destac\u00f3 el diputado del Bloque de la Patria a la Asamblea Nacional (AN) Youl Yabour.<\/p>\n<p style=\"text-align: justify;\">\n<\/div>\n<\/div>\n<p><!--more--><\/p>\n<p style=\"text-align: justify;\">El dirigente revolucionario ofreci\u00f3 las declaraciones en una entrevista en el programa <em>El Desayuno<\/em>, que Venezolana de Televisi\u00f3n transmiti\u00f3 este jueves desde el Cuartel de la Monta\u00f1a 4F, en Caracas, en ocasi\u00f3n de los 24 a\u00f1os de la rebeli\u00f3n c\u00edvico-militar liderada por Hugo Ch\u00e1vez contra las pol\u00edticas neoliberales, as\u00ed como contra la decadencia del sistema pol\u00edtico puntofijista, representado por el presidente de la \u00e9poca, Carlos Andr\u00e9s P\u00e9rez.<\/p>\n<p style=\"text-align: justify;\">Yabour record\u00f3 la crisis \u00e9tica y moral producto de las pol\u00edticas neoliberales impuestas por el gobierno adeco y recalc\u00f3 que a partir del 4F \u00abresurgi\u00f3 la esperanza de un pueblo que se mantuvo en lucha a lo largo de la historia frente a los gobiernos que actuaron con represi\u00f3n, desapariciones, asesinatos de los l\u00edderes obreros, campesinos y estudiantes\u00bb.\u00a0<a href=\"http:\/\/espromedbio.gob.ve\/wp-content\/uploads\/2016\/02\/militares.jpeg\"><img loading=\"lazy\" class=\"alignright wp-image-2246 size-medium\" src=\"http:\/\/espromedbio.gob.ve\/wp-content\/uploads\/2016\/02\/militares-300x207.jpeg\" alt=\"militares\" width=\"300\" height=\"207\" srcset=\"https:\/\/www.espromedbio.gob.ve\/wp-content\/uploads\/2016\/02\/militares-300x207.jpeg 300w, https:\/\/www.espromedbio.gob.ve\/wp-content\/uploads\/2016\/02\/militares.jpeg 620w\" sizes=\"(max-width: 300px) 100vw, 300px\" \/><\/a><\/p>\n<p style=\"text-align: justify;\">Destac\u00f3 que el reto m\u00e1s importante que tiene hoy el pueblo es preservar la soberan\u00eda ya recuperada, \u00abque se obtuvo a partir de la llegada del Gobierno Bolivariano, con una concepci\u00f3n de lo que son las relaciones internacionales en el \u00e1mbito de la unidad latinoamericana y caribe\u00f1a\u00bb, en contraste con el planteamiento puntofijista de la derecha, de entregar el pa\u00eds a potencias extranjeras.<\/p>\n<p style=\"text-align: justify;\">En la entrevista de este jueves tambi\u00e9n estuvo el diputado del Bloque de la Patria Dar\u00edo Vivas, quien destac\u00f3 que uno de los aspectos que marca la diferencia entre el contexto pol\u00edtico de hace 24 a\u00f1os y el actual en revoluci\u00f3n son todas las formas de participaci\u00f3n protag\u00f3nica que tiene el pueblo, as\u00ed como la redistribuci\u00f3n m\u00e1s equitativa de los recursos.<a href=\"http:\/\/espromedbio.gob.ve\/wp-content\/uploads\/2016\/02\/cuartel.jpeg\"><img loading=\"lazy\" class=\"alignleft wp-image-2247 size-medium\" src=\"http:\/\/espromedbio.gob.ve\/wp-content\/uploads\/2016\/02\/cuartel-300x144.jpeg\" alt=\"cuartel\" width=\"300\" height=\"144\" srcset=\"https:\/\/www.espromedbio.gob.ve\/wp-content\/uploads\/2016\/02\/cuartel-300x144.jpeg 300w, https:\/\/www.espromedbio.gob.ve\/wp-content\/uploads\/2016\/02\/cuartel.jpeg 620w\" sizes=\"(max-width: 300px) 100vw, 300px\" \/><\/a><\/p>\n<p style=\"text-align: justify;\">\u00abEl hecho de que el pueblo pueda organizarse en consejos comunales, en comunas, de que pueda gestionar y el gobierno apoye esa gesti\u00f3n de la comunidad incorporada al trabajo productivo en todos los \u00f3rdenes es un avance muy importante, desde el punto de vista social\u00bb, se\u00f1al\u00f3.<\/p>\n<p style=\"text-align: justify;\">Ratific\u00f3 que con la rebeli\u00f3n del 4F aflor\u00f3 ese sentimiento transformador para refundar la patria, que se ha hecho realidad en revoluci\u00f3n.\u00a0<strong>AVN<\/strong><\/p>\n","protected":false},"excerpt":{"rendered":"<p>Caracas, 04 Feb. Cortes\u00eda AVN.- La rebeli\u00f3n del 4 de febrero de 1992 represent\u00f3 la esperanza de los j\u00f3venes que luchaban contra los dict\u00e1menes del puntofijismo y el entreguismo de las c\u00fapulas empresariales, y ese d\u00eda \u00abse logr\u00f3 esa conexi\u00f3n real entre el pueblo y el pensamiento bolivariano\u00bb, destac\u00f3 el diputado del Bloque de la [&hellip;]<\/p>\n","protected":false},"author":3,"featured_media":2245,"comment_status":"closed","ping_status":"closed","sticky":false,"template":"","format":"standard","meta":[],"categories":[21,2],"tags":[98,54,51,74],"_links":{"self":[{"href":"https:\/\/www.espromedbio.gob.ve\/inicio\/wp-json\/wp\/v2\/posts\/2244"}],"collection":[{"href":"https:\/\/www.espromedbio.gob.ve\/inicio\/wp-json\/wp\/v2\/posts"}],"about":[{"href":"https:\/\/www.espromedbio.gob.ve\/inicio\/wp-json\/wp\/v2\/types\/post"}],"author":[{"embeddable":true,"href":"https:\/\/www.espromedbio.gob.ve\/inicio\/wp-json\/wp\/v2\/users\/3"}],"replies":[{"embeddable":true,"href":"https:\/\/www.espromedbio.gob.ve\/inicio\/wp-json\/wp\/v2\/comments?post=2244"}],"version-history":[{"count":1,"href":"https:\/\/www.espromedbio.gob.ve\/inicio\/wp-json\/wp\/v2\/posts\/2244\/revisions"}],"predecessor-version":[{"id":2248,"href":"https:\/\/www.espromedbio.gob.ve\/inicio\/wp-json\/wp\/v2\/posts\/2244\/revisions\/2248"}],"wp:featuredmedia":[{"embeddable":true,"href":"https:\/\/www.espromedbio.gob.ve\/inicio\/wp-json\/wp\/v2\/media\/2245"}],"wp:attachment":[{"href":"https:\/\/www.espromedbio.gob.ve\/inicio\/wp-json\/wp\/v2\/media?parent=2244"}],"wp:term":[{"taxonomy":"category","embeddable":true,"href":"https:\/\/www.espromedbio.gob.ve\/inicio\/wp-json\/wp\/v2\/categories?post=2244"},{"taxonomy":"post_tag","embeddable":true,"href":"https:\/\/www.espromedbio.gob.ve\/inicio\/wp-json\/wp\/v2\/tags?post=2244"}],"curies":[{"name":"wp","href":"https:\/\/api.w.org\/{rel}","templated":true}]}}