{"id":2478,"date":"2016-02-29T12:19:15","date_gmt":"2016-02-29T16:49:15","guid":{"rendered":"http:\/\/espromedbio.gob.ve\/?p=2478"},"modified":"2016-02-29T12:19:15","modified_gmt":"2016-02-29T16:49:15","slug":"plan-bicentenario-promovera-lectura-sobre-vida-y-obra-de-francisco-de-miranda","status":"publish","type":"post","link":"https:\/\/www.espromedbio.gob.ve\/inicio\/plan-bicentenario-promovera-lectura-sobre-vida-y-obra-de-francisco-de-miranda\/","title":{"rendered":"Plan Bicentenario promover\u00e1 lectura sobre vida y obra de Francisco de Miranda"},"content":{"rendered":"<div class=\"cuerpo\">\n<div>\n<p style=\"text-align: justify;\"><strong>Caracas, 29 Feb. Cortes\u00eda AVN.-<\/strong> El Archivo General de la Naci\u00f3n anunci\u00f3 este lunes el lanzamiento del Plan Bicentenario de Investigaci\u00f3n y Publicaci\u00f3n de textos sobre Francisco de Miranda, precursor de la independencia latinoamericana, a prop\u00f3sito de los 200 a\u00f1os de su fallecimiento, hecho que ocurri\u00f3 el 14 de julio de 1816.<\/p>\n<p style=\"text-align: justify;\">\n<\/div>\n<\/div>\n<p style=\"text-align: justify;\"><!--more--><\/p>\n<div class=\"cuerpo\">\n<div>\n<p style=\"text-align: justify;\">Durante un encuentro con los medios de comunicaci\u00f3n celebrado en la sede del archivo General de la Naci\u00f3n, en Caracas, la coordinadora de la Red de Intelectuales, Carmen Boh\u00f3rquez, explic\u00f3 que el programa tendr\u00e1 como objetivo \u00abreafirmar la conciencia hist\u00f3rica de los venezolanos\u00bb con lecturas relacionadas a la vida y luchas de Miranda, y una convocatoria de investigaciones y proyectos editoriales.<\/p>\n<p style=\"text-align: justify;\">\u00abHemos creado este plan para la investigaci\u00f3n y publicaci\u00f3n de textos sobre Miranda, para que estos formen parte de nuestra memoria colectiva\u00bb, expres\u00f3.<\/p>\n<p style=\"text-align: justify;\">El historiador Pedro Calzadilla, quien tambi\u00e9n est\u00e1 presente en la actividad, destac\u00f3 que el plan comenzar\u00e1 este mes y tendr\u00e1 como prop\u00f3sito \u00abdesarrollar la investigaci\u00f3n y formaci\u00f3n hist\u00f3rica que se realiza desde el Centro Nacional de Historia y tambi\u00e9n en todo el pa\u00eds\u00bb, espec\u00edficamente en universidades, centros de investigaci\u00f3n, entre otros espacios.<\/p>\n<p style=\"text-align: justify;\">\u00abA Miranda lo recordamos como uno de los padres fundadores de nuestra patria, de nuestra gran patria latinoamericana\u00bb, dijo.\u00a0<strong><span class=\"avn\">AVN<\/span><\/strong><\/p>\n<\/div>\n<\/div>\n","protected":false},"excerpt":{"rendered":"<p>Caracas, 29 Feb. Cortes\u00eda AVN.- El Archivo General de la Naci\u00f3n anunci\u00f3 este lunes el lanzamiento del Plan Bicentenario de Investigaci\u00f3n y Publicaci\u00f3n de textos sobre Francisco de Miranda, precursor de la independencia latinoamericana, a prop\u00f3sito de los 200 a\u00f1os de su fallecimiento, hecho que ocurri\u00f3 el 14 de julio de 1816.<\/p>\n","protected":false},"author":3,"featured_media":2479,"comment_status":"closed","ping_status":"closed","sticky":false,"template":"","format":"standard","meta":[],"categories":[21,2],"tags":[74],"_links":{"self":[{"href":"https:\/\/www.espromedbio.gob.ve\/inicio\/wp-json\/wp\/v2\/posts\/2478"}],"collection":[{"href":"https:\/\/www.espromedbio.gob.ve\/inicio\/wp-json\/wp\/v2\/posts"}],"about":[{"href":"https:\/\/www.espromedbio.gob.ve\/inicio\/wp-json\/wp\/v2\/types\/post"}],"author":[{"embeddable":true,"href":"https:\/\/www.espromedbio.gob.ve\/inicio\/wp-json\/wp\/v2\/users\/3"}],"replies":[{"embeddable":true,"href":"https:\/\/www.espromedbio.gob.ve\/inicio\/wp-json\/wp\/v2\/comments?post=2478"}],"version-history":[{"count":1,"href":"https:\/\/www.espromedbio.gob.ve\/inicio\/wp-json\/wp\/v2\/posts\/2478\/revisions"}],"predecessor-version":[{"id":2480,"href":"https:\/\/www.espromedbio.gob.ve\/inicio\/wp-json\/wp\/v2\/posts\/2478\/revisions\/2480"}],"wp:featuredmedia":[{"embeddable":true,"href":"https:\/\/www.espromedbio.gob.ve\/inicio\/wp-json\/wp\/v2\/media\/2479"}],"wp:attachment":[{"href":"https:\/\/www.espromedbio.gob.ve\/inicio\/wp-json\/wp\/v2\/media?parent=2478"}],"wp:term":[{"taxonomy":"category","embeddable":true,"href":"https:\/\/www.espromedbio.gob.ve\/inicio\/wp-json\/wp\/v2\/categories?post=2478"},{"taxonomy":"post_tag","embeddable":true,"href":"https:\/\/www.espromedbio.gob.ve\/inicio\/wp-json\/wp\/v2\/tags?post=2478"}],"curies":[{"name":"wp","href":"https:\/\/api.w.org\/{rel}","templated":true}]}}