{"id":2601,"date":"2016-03-16T11:57:25","date_gmt":"2016-03-16T16:27:25","guid":{"rendered":"http:\/\/espromedbio.gob.ve\/?p=2601"},"modified":"2016-03-16T11:57:25","modified_gmt":"2016-03-16T16:27:25","slug":"decreto-de-toda-semana-santa-no-laborable-incluye-al-sector-privado","status":"publish","type":"post","link":"https:\/\/www.espromedbio.gob.ve\/inicio\/decreto-de-toda-semana-santa-no-laborable-incluye-al-sector-privado\/","title":{"rendered":"Decreto de toda Semana Santa no laborable incluye al sector privado"},"content":{"rendered":"<div class=\"cuerpo\">\n<div>\n<p style=\"text-align: justify;\"><strong>Caracas, 16 Mar. Cortes\u00eda AVN.-<\/strong> Los d\u00edas que comprenden el asueto de toda la Semana Santa, desde el 21 hasta el 27 de marzo, fueron decretados por el Ejecutivo nacional como no laborables, tanto para el sector p\u00fablico como para el privado, con la\u00a0contribuir con el uso eficiente y racional del agua y energ\u00eda el\u00e9ctrica, ante la sequ\u00eda producto del fen\u00f3meno El Ni\u00f1o.<\/p>\n<p style=\"text-align: justify;\">\n<\/div>\n<\/div>\n<p style=\"text-align: justify;\"><!--more--><\/p>\n<p style=\"text-align: justify;\">En Gaceta Oficial\u00a0N\u00b0 40.868, se public\u00f3 el Decreto N\u00b0 2.276 de la Presidencia de la Rep\u00fablica en el que se\u00a0declaran como no laborables y, por tanto, considerados como feriados a los efectos de la Ley Org\u00e1nica del Trabajo, los Trabajadores y las Trabajadoras (Lottt), los d\u00edas 21, 22 y 23 de marzo.<\/p>\n<p style=\"text-align: justify;\">Sin embargo, se excluir\u00e1n de la aplicaci\u00f3n de esta medida los sectores de actividades que no pueden interrumpirse de conformidad con lo dispuesto en la\u00a0Lottt.<\/p>\n<p style=\"text-align: justify;\">Entre \u00e9stas figuran\u00a0el\u00a0transporte de agua potable y los qu\u00edmicos\u00a0necesarios para su potabilizaci\u00f3n, el traslado y custodia de valores, alimentos perecederos y no perecederos, medicinas de corta duraci\u00f3n e insumos m\u00e9dicos, di\u00f3xido de carbono (hielo seco) y ox\u00edgeno (gases o l\u00edquidos necesarios para el funcionamiento de centros m\u00e9dicos asistenciales).<\/p>\n<p style=\"text-align: justify;\">Asimismo, deber\u00e1n laborar aquellos que transporten materiales de construcci\u00f3n destinados a la\u00a0Gran Misi\u00f3n Vivienda Venezuela, desechos de origen domiciliario, fertilizantes qu\u00edmicos y peri\u00f3dicos, encomiendas para usos agr\u00edcolas de la\u00a0Gran Misi\u00f3n Agro Venezuela, gas de uso dom\u00e9stico y combustibles para el aprovisionamiento de estaciones de servicio de transporte terrestre, puertos y aeropuertos, productos asociados a la actividad petrolera, as\u00ed como materiales y equipos el\u00e9ctricos.<\/p>\n<p style=\"text-align: justify;\">Por su parte, el Servicio Nacional de Administraci\u00f3n Aduanera y Tributaria (Seniat) y la Superintendencia de Instituciones del Sector Bancario (Sudeban) podr\u00e1n establecer normas especiales de implementaci\u00f3n del asueto para su personal, con la finalidad de garantizar la continuidad del proceso de recaudaci\u00f3n tributaria y \u00a0la prestaci\u00f3n de los servicios p\u00fablicos bancarios, bajo un esquema de uso racional de la energ\u00eda y el agua.\u00a0<strong>AVN\/Foto: Cortes\u00eda VTV<\/strong><\/p>\n","protected":false},"excerpt":{"rendered":"<p>Caracas, 16 Mar. Cortes\u00eda AVN.- Los d\u00edas que comprenden el asueto de toda la Semana Santa, desde el 21 hasta el 27 de marzo, fueron decretados por el Ejecutivo nacional como no laborables, tanto para el sector p\u00fablico como para el privado, con la\u00a0contribuir con el uso eficiente y racional del agua y energ\u00eda el\u00e9ctrica, [&hellip;]<\/p>\n","protected":false},"author":3,"featured_media":2602,"comment_status":"closed","ping_status":"closed","sticky":false,"template":"","format":"standard","meta":[],"categories":[21,2],"tags":[44],"_links":{"self":[{"href":"https:\/\/www.espromedbio.gob.ve\/inicio\/wp-json\/wp\/v2\/posts\/2601"}],"collection":[{"href":"https:\/\/www.espromedbio.gob.ve\/inicio\/wp-json\/wp\/v2\/posts"}],"about":[{"href":"https:\/\/www.espromedbio.gob.ve\/inicio\/wp-json\/wp\/v2\/types\/post"}],"author":[{"embeddable":true,"href":"https:\/\/www.espromedbio.gob.ve\/inicio\/wp-json\/wp\/v2\/users\/3"}],"replies":[{"embeddable":true,"href":"https:\/\/www.espromedbio.gob.ve\/inicio\/wp-json\/wp\/v2\/comments?post=2601"}],"version-history":[{"count":1,"href":"https:\/\/www.espromedbio.gob.ve\/inicio\/wp-json\/wp\/v2\/posts\/2601\/revisions"}],"predecessor-version":[{"id":2603,"href":"https:\/\/www.espromedbio.gob.ve\/inicio\/wp-json\/wp\/v2\/posts\/2601\/revisions\/2603"}],"wp:featuredmedia":[{"embeddable":true,"href":"https:\/\/www.espromedbio.gob.ve\/inicio\/wp-json\/wp\/v2\/media\/2602"}],"wp:attachment":[{"href":"https:\/\/www.espromedbio.gob.ve\/inicio\/wp-json\/wp\/v2\/media?parent=2601"}],"wp:term":[{"taxonomy":"category","embeddable":true,"href":"https:\/\/www.espromedbio.gob.ve\/inicio\/wp-json\/wp\/v2\/categories?post=2601"},{"taxonomy":"post_tag","embeddable":true,"href":"https:\/\/www.espromedbio.gob.ve\/inicio\/wp-json\/wp\/v2\/tags?post=2601"}],"curies":[{"name":"wp","href":"https:\/\/api.w.org\/{rel}","templated":true}]}}