{"id":2671,"date":"2016-04-01T15:28:44","date_gmt":"2016-04-01T19:58:44","guid":{"rendered":"http:\/\/espromedbio.gob.ve\/?p=2671"},"modified":"2016-04-01T15:30:40","modified_gmt":"2016-04-01T20:00:40","slug":"ministros-del-area-social-hacen-seguimiento-a-los-puntos-del-contrato-unico-y-unitario-del-magisterio","status":"publish","type":"post","link":"https:\/\/www.espromedbio.gob.ve\/inicio\/ministros-del-area-social-hacen-seguimiento-a-los-puntos-del-contrato-unico-y-unitario-del-magisterio\/","title":{"rendered":"Ministros del \u00c1rea Social hacen seguimiento a los puntos del Contrato \u00danico y Unitario del Magisterio"},"content":{"rendered":"<p style=\"text-align: justify;\"><strong>31.03.16 (Cortes\u00eda MPPS).-<\/strong> Desde la Oficina de Planificaci\u00f3n del Sector Universitario (OPSU), el vicepresidente del \u00c1rea Social, Jorge Arreaza, encabez\u00f3 una reuni\u00f3n con los ministros de Salud, Luisana Melo; Alimentaci\u00f3n, General de Brigada Rodolfo Marco Torres; Educaci\u00f3n, Rodulfo P\u00e9rez y del Proceso Social del Trabajo, Oswaldo Vera, as\u00ed como la presidenta del IPASME, \u00a0Marisela Berm\u00fadez, tras firmar la Primera Convenci\u00f3n Colectiva \u00danica de los Trabajadores y las Trabajadoras del Ministerio del Poder popular para la Educaci\u00f3n, con el fin de hacerle <b>seguimiento a los puntos que contiene el Contrato Marco<\/b>, de acuerdo a la competencia de cada ente gubernamental.<a href=\"http:\/\/espromedbio.gob.ve\/wp-content\/uploads\/2016\/04\/descarga1.jpg\"><img loading=\"lazy\" class=\"alignleft wp-image-2674 size-medium\" src=\"http:\/\/espromedbio.gob.ve\/wp-content\/uploads\/2016\/04\/descarga1-300x225.jpg\" alt=\"descarga\" width=\"300\" height=\"225\" srcset=\"https:\/\/www.espromedbio.gob.ve\/wp-content\/uploads\/2016\/04\/descarga1-300x225.jpg 300w, https:\/\/www.espromedbio.gob.ve\/wp-content\/uploads\/2016\/04\/descarga1-240x180.jpg 240w, https:\/\/www.espromedbio.gob.ve\/wp-content\/uploads\/2016\/04\/descarga1.jpg 340w\" sizes=\"(max-width: 300px) 100vw, 300px\" \/><\/a><\/p>\n","protected":false},"excerpt":{"rendered":"<p>31.03.16 (Cortes\u00eda MPPS).- Desde la Oficina de Planificaci\u00f3n del Sector Universitario (OPSU), el vicepresidente del \u00c1rea Social, Jorge Arreaza, encabez\u00f3 una reuni\u00f3n con los ministros de Salud, Luisana Melo; Alimentaci\u00f3n, General de Brigada Rodolfo Marco Torres; Educaci\u00f3n, Rodulfo P\u00e9rez y del Proceso Social del Trabajo, Oswaldo Vera, as\u00ed como la presidenta del IPASME, \u00a0Marisela Berm\u00fadez, [&hellip;]<\/p>\n","protected":false},"author":3,"featured_media":2672,"comment_status":"closed","ping_status":"closed","sticky":false,"template":"","format":"standard","meta":[],"categories":[21,2],"tags":[102,51],"_links":{"self":[{"href":"https:\/\/www.espromedbio.gob.ve\/inicio\/wp-json\/wp\/v2\/posts\/2671"}],"collection":[{"href":"https:\/\/www.espromedbio.gob.ve\/inicio\/wp-json\/wp\/v2\/posts"}],"about":[{"href":"https:\/\/www.espromedbio.gob.ve\/inicio\/wp-json\/wp\/v2\/types\/post"}],"author":[{"embeddable":true,"href":"https:\/\/www.espromedbio.gob.ve\/inicio\/wp-json\/wp\/v2\/users\/3"}],"replies":[{"embeddable":true,"href":"https:\/\/www.espromedbio.gob.ve\/inicio\/wp-json\/wp\/v2\/comments?post=2671"}],"version-history":[{"count":3,"href":"https:\/\/www.espromedbio.gob.ve\/inicio\/wp-json\/wp\/v2\/posts\/2671\/revisions"}],"predecessor-version":[{"id":2676,"href":"https:\/\/www.espromedbio.gob.ve\/inicio\/wp-json\/wp\/v2\/posts\/2671\/revisions\/2676"}],"wp:featuredmedia":[{"embeddable":true,"href":"https:\/\/www.espromedbio.gob.ve\/inicio\/wp-json\/wp\/v2\/media\/2672"}],"wp:attachment":[{"href":"https:\/\/www.espromedbio.gob.ve\/inicio\/wp-json\/wp\/v2\/media?parent=2671"}],"wp:term":[{"taxonomy":"category","embeddable":true,"href":"https:\/\/www.espromedbio.gob.ve\/inicio\/wp-json\/wp\/v2\/categories?post=2671"},{"taxonomy":"post_tag","embeddable":true,"href":"https:\/\/www.espromedbio.gob.ve\/inicio\/wp-json\/wp\/v2\/tags?post=2671"}],"curies":[{"name":"wp","href":"https:\/\/api.w.org\/{rel}","templated":true}]}}