{"id":2707,"date":"2016-04-11T15:14:14","date_gmt":"2016-04-11T19:44:14","guid":{"rendered":"http:\/\/espromedbio.gob.ve\/?p=2707"},"modified":"2016-04-11T15:14:14","modified_gmt":"2016-04-11T19:44:14","slug":"victimas-del-11-de-abril-de-2002-las-balas-asesinas-de-la-oposicion-masacraron-al-pueblo-sin-piedad","status":"publish","type":"post","link":"https:\/\/www.espromedbio.gob.ve\/inicio\/victimas-del-11-de-abril-de-2002-las-balas-asesinas-de-la-oposicion-masacraron-al-pueblo-sin-piedad\/","title":{"rendered":"V\u00edctimas del 11 de abril de 2002: Las balas asesinas de la oposici\u00f3n masacraron al pueblo sin piedad"},"content":{"rendered":"<p style=\"text-align: justify;\"><em>Yesenia Fuentes, integrante de la Asociaci\u00f3n de V\u00edctimas del 11 de abril, dijo que tan s\u00f3lo a 14 a\u00f1os, la misma derecha ha decretado la Ley de Amnist\u00eda contra el pueblo de Venezuela y las v\u00edctimas del Golpe de Estado del 2002<\/em><!--more--><\/p>\n<p style=\"text-align: justify;\"><b>Caracas, 11 de abril de 2016.- Yesenia Fuentes<\/b>, integrante de la Asociaci\u00f3n de V\u00edctimas del 11 de abril, record\u00f3 que hace 14 a\u00f1os, el 11 de abril de 2002, al pueblo venezolano se encontraba defendiendo la Constituci\u00f3n y al comandante Hugo Ch\u00e1vez, \u201ccuando la oposici\u00f3n con sus balas asesinas masacraron a un pueblo\u201d.<\/p>\n<p style=\"text-align: justify;\">Dijo que tan s\u00f3lo a 14 a\u00f1os, la misma derecha ha decretado la Ley de Amnist\u00eda contra el pueblo de Venezuela y las v\u00edctimas del 11 de abril de 2002.<\/p>\n<p style=\"text-align: justify;\">\u201cRepudiamos totalmente esa Ley debido a que ensangrienta una vez m\u00e1s la Constituci\u00f3n y violenta todos los derechos y tratados internacionales\u201d, expres\u00f3 desde el Puente Llaguno, ubicado en Caracas.<\/p>\n<p style=\"text-align: justify;\">Otra de las personas concentradas en el lugar, manifest\u00f3 que hoy en d\u00eda se encuentra de luto por aquellos muertos y heridos que dej\u00f3 la mencionada masacre. \u201cAqu\u00ed est\u00e1 el pueblo en pie de lucha, fui herido de bala, ayude a sacar personas secuestradas y recog\u00ed muertos\u201d.<\/p>\n<p style=\"text-align: justify;\"><b>Wilmar P\u00e9rez<\/b>, otra de las v\u00edctimas relat\u00f3 c\u00f3mo fue herido de balas, perfor\u00e1ndole los intestinos y parte de una pierna. \u201cMe han hecho 6 operaciones desde ese momento, pero estoy vivo y gracias a Dios mi comandante Ch\u00e1vez regres\u00f3 para liberarnos\u201d.<\/p>\n<p style=\"text-align: justify;\"><b>RPA<\/b><\/p>\n","protected":false},"excerpt":{"rendered":"<p>Yesenia Fuentes, integrante de la Asociaci\u00f3n de V\u00edctimas del 11 de abril, dijo que tan s\u00f3lo a 14 a\u00f1os, la misma derecha ha decretado la Ley de Amnist\u00eda contra el pueblo de Venezuela y las v\u00edctimas del Golpe de Estado del 2002<\/p>\n","protected":false},"author":3,"featured_media":2708,"comment_status":"closed","ping_status":"closed","sticky":false,"template":"","format":"standard","meta":[],"categories":[21,2],"tags":[107],"_links":{"self":[{"href":"https:\/\/www.espromedbio.gob.ve\/inicio\/wp-json\/wp\/v2\/posts\/2707"}],"collection":[{"href":"https:\/\/www.espromedbio.gob.ve\/inicio\/wp-json\/wp\/v2\/posts"}],"about":[{"href":"https:\/\/www.espromedbio.gob.ve\/inicio\/wp-json\/wp\/v2\/types\/post"}],"author":[{"embeddable":true,"href":"https:\/\/www.espromedbio.gob.ve\/inicio\/wp-json\/wp\/v2\/users\/3"}],"replies":[{"embeddable":true,"href":"https:\/\/www.espromedbio.gob.ve\/inicio\/wp-json\/wp\/v2\/comments?post=2707"}],"version-history":[{"count":1,"href":"https:\/\/www.espromedbio.gob.ve\/inicio\/wp-json\/wp\/v2\/posts\/2707\/revisions"}],"predecessor-version":[{"id":2709,"href":"https:\/\/www.espromedbio.gob.ve\/inicio\/wp-json\/wp\/v2\/posts\/2707\/revisions\/2709"}],"wp:featuredmedia":[{"embeddable":true,"href":"https:\/\/www.espromedbio.gob.ve\/inicio\/wp-json\/wp\/v2\/media\/2708"}],"wp:attachment":[{"href":"https:\/\/www.espromedbio.gob.ve\/inicio\/wp-json\/wp\/v2\/media?parent=2707"}],"wp:term":[{"taxonomy":"category","embeddable":true,"href":"https:\/\/www.espromedbio.gob.ve\/inicio\/wp-json\/wp\/v2\/categories?post=2707"},{"taxonomy":"post_tag","embeddable":true,"href":"https:\/\/www.espromedbio.gob.ve\/inicio\/wp-json\/wp\/v2\/tags?post=2707"}],"curies":[{"name":"wp","href":"https:\/\/api.w.org\/{rel}","templated":true}]}}