{"id":2710,"date":"2016-04-11T16:11:23","date_gmt":"2016-04-11T20:41:23","guid":{"rendered":"http:\/\/espromedbio.gob.ve\/?p=2710"},"modified":"2016-04-11T16:11:23","modified_gmt":"2016-04-11T20:41:23","slug":"instalado-congreso-de-la-patria-en-salud-de-carabobo","status":"publish","type":"post","link":"https:\/\/www.espromedbio.gob.ve\/inicio\/instalado-congreso-de-la-patria-en-salud-de-carabobo\/","title":{"rendered":"Instalado Congreso de la Patria en Salud de Carabobo"},"content":{"rendered":"<p style=\"text-align: justify;\"><strong>Caracas, 11.04.16 (Cortes\u00eda MPPS).- <\/strong>Con una nutrida participaci\u00f3n de voceros comunitarios, sindicatos socialistas de salud, autoridades sanitarias, delegados de prevenci\u00f3n, miembros del Consejo Legislativo, profesionales y trabajadores del sector, se llev\u00f3 a cabo la instalaci\u00f3n del Congreso de la Patria en Salud del estado Carabobo.<!--more--><\/p>\n<p style=\"text-align: justify;\">La actividad se inici\u00f3 con la exposici\u00f3n de Jos\u00e9 Le\u00f3n Uzc\u00e1tegui, representante de la Comisi\u00f3n Promotora Nacional, quien se encarg\u00f3 de explicar a los presentes los objetivos y tareas del Congreso.<\/p>\n<p style=\"text-align: justify;\">Posteriormente se conformaron mesas de trabajo y se elabor\u00f3 una agenda para abril que prev\u00e9 asambleas, conversatorios, talleres y\u00a0conferencias en los municipios de la entidad, como paso previo a la asamblea plenaria que se efectuar\u00e1 a final de mes; ello de cara a la celebraci\u00f3n del Congreso de la Patria en Salud, de alcance nacional, pautado para mayo.<\/p>\n<p style=\"text-align: justify;\">Al final del evento se instaur\u00f3 el Colectivo Socialista de Salud del estado Carabobo integrado por voceros de cada uno de los sectores asistentes al acto, entre los que se encontraron m\u00e9dicos integrales comunitarios, m\u00e9dicos generales integrales, personal de enfermer\u00eda, odont\u00f3logos, m\u00e9dicos egresados de universidades tradicionales; as\u00ed como trabajadoras y trabajadores de Insalud Carabobo, Barrio Adentro y Seguro Social.<\/p>\n","protected":false},"excerpt":{"rendered":"<p>Caracas, 11.04.16 (Cortes\u00eda MPPS).- Con una nutrida participaci\u00f3n de voceros comunitarios, sindicatos socialistas de salud, autoridades sanitarias, delegados de prevenci\u00f3n, miembros del Consejo Legislativo, profesionales y trabajadores del sector, se llev\u00f3 a cabo la instalaci\u00f3n del Congreso de la Patria en Salud del estado Carabobo.<\/p>\n","protected":false},"author":3,"featured_media":2711,"comment_status":"closed","ping_status":"closed","sticky":false,"template":"","format":"standard","meta":[],"categories":[21,2],"tags":[51,66],"_links":{"self":[{"href":"https:\/\/www.espromedbio.gob.ve\/inicio\/wp-json\/wp\/v2\/posts\/2710"}],"collection":[{"href":"https:\/\/www.espromedbio.gob.ve\/inicio\/wp-json\/wp\/v2\/posts"}],"about":[{"href":"https:\/\/www.espromedbio.gob.ve\/inicio\/wp-json\/wp\/v2\/types\/post"}],"author":[{"embeddable":true,"href":"https:\/\/www.espromedbio.gob.ve\/inicio\/wp-json\/wp\/v2\/users\/3"}],"replies":[{"embeddable":true,"href":"https:\/\/www.espromedbio.gob.ve\/inicio\/wp-json\/wp\/v2\/comments?post=2710"}],"version-history":[{"count":1,"href":"https:\/\/www.espromedbio.gob.ve\/inicio\/wp-json\/wp\/v2\/posts\/2710\/revisions"}],"predecessor-version":[{"id":2712,"href":"https:\/\/www.espromedbio.gob.ve\/inicio\/wp-json\/wp\/v2\/posts\/2710\/revisions\/2712"}],"wp:featuredmedia":[{"embeddable":true,"href":"https:\/\/www.espromedbio.gob.ve\/inicio\/wp-json\/wp\/v2\/media\/2711"}],"wp:attachment":[{"href":"https:\/\/www.espromedbio.gob.ve\/inicio\/wp-json\/wp\/v2\/media?parent=2710"}],"wp:term":[{"taxonomy":"category","embeddable":true,"href":"https:\/\/www.espromedbio.gob.ve\/inicio\/wp-json\/wp\/v2\/categories?post=2710"},{"taxonomy":"post_tag","embeddable":true,"href":"https:\/\/www.espromedbio.gob.ve\/inicio\/wp-json\/wp\/v2\/tags?post=2710"}],"curies":[{"name":"wp","href":"https:\/\/api.w.org\/{rel}","templated":true}]}}