{"id":2714,"date":"2016-04-12T18:14:43","date_gmt":"2016-04-12T22:44:43","guid":{"rendered":"http:\/\/espromedbio.gob.ve\/?p=2714"},"modified":"2016-04-12T18:14:43","modified_gmt":"2016-04-12T22:44:43","slug":"comision-para-la-verdad-sera-un-instrumento-para-consolidar-la-justicia-y-la-paz","status":"publish","type":"post","link":"https:\/\/www.espromedbio.gob.ve\/inicio\/comision-para-la-verdad-sera-un-instrumento-para-consolidar-la-justicia-y-la-paz\/","title":{"rendered":"Comisi\u00f3n para la Verdad ser\u00e1 un instrumento para consolidar la justicia y la paz"},"content":{"rendered":"<p style=\"text-align: justify;\"><strong>Caracas, 12 Abr. Cortes\u00eda AVN.-<\/strong> Este martes 12 de abril, en un acto celebrado en el Palacio de Miraflores, en Caracas, el presidente de la Rep\u00fablica, Nicol\u00e1s Maduro, instal\u00f3 la Comisi\u00f3n para la Verdad, la Justicia y la Reparaci\u00f3n de las V\u00edctimas, una instancia creada para reconocer, proteger y brindar atenci\u00f3n a personas afectadas por hechos violentos cometidos en el pa\u00eds, y avanzar en la investigaci\u00f3n de estos casos como un m\u00e9todo para hacer justicia y alcanzar la paz.<!--more--><\/p>\n<p style=\"text-align: justify;\">En transmisi\u00f3n conjunta de radio y televisi\u00f3n, el Presidente se\u00f1al\u00f3 que esta comisi\u00f3n, contrario a la ley de la derecha que promueve la impunidad, es un instrumento que enarbola el respeto y la paz.<\/p>\n<p style=\"text-align: justify;\">\u00abHemos venido hoy a activar la ruta de la Comisi\u00f3n por la Verdad y la Justicia, que es un proyecto que en varios momentos se ha enarbolado como instrumento para buscar los caminos del respeto al derecho, a la vida, a la democracia y a los caminos de la paz\u00bb, declar\u00f3 el Jefe del Estado venezolano.<\/p>\n<p style=\"text-align: justify;\">La comisi\u00f3n, que ser\u00e1 presidida por el vicepresidente ejecutivo de la Rep\u00fablica, Arist\u00f3bulo Ist\u00fariz, surge en respuesta a la llamada Ley de Amnist\u00eda y Reconciliaci\u00f3n Nacional, aprobada el pasado 29 de marzo por las fracciones de derecha en la Asamblea Nacional (AN) para perdonar delitos de lesa humanidad cometidos desde 1999 hasta la actualidad, incluyendo aquellos que fueran ejecutados durante los hechos del golpe de Estado de 2002 o el intento de derrocamiento al presidente Nicol\u00e1s Maduro en 2014, que dej\u00f3 un saldo de 43 personas asesinadas y m\u00e1s de 800 heridos.<\/p>\n<p style=\"text-align: justify;\">Ante este escenario, el Presidente destac\u00f3 que la Revoluci\u00f3n Bolivariana es el principal instrumento que garantiza el porvenir de la patria, as\u00ed como la Constituci\u00f3n Bolivariana es garant\u00eda de paz.<\/p>\n<p style=\"text-align: justify;\">La Carta Magna \u00abes el gran pacto de paz\u00bb en la que se configur\u00f3 \u00abuna nueva estructura social, de poder, de nuevo pa\u00eds, un modelo de sociedad democr\u00e1tica\u00bb, dijo el Mandatario nacional, al tiempo en que llam\u00f3 a todos los venezolanos a \u00ababrazarla, a defenderla y a amarla\u00bb frente a las pretensiones de la derecha de quebrantar su mandato.<\/p>\n<p style=\"text-align: justify;\"><strong>\u00bfQui\u00e9nes la integran?<\/strong><\/p>\n<p style=\"text-align: justify;\">Junto a Arist\u00f3bulo Ist\u00fariz estar\u00e1 el Secretario Ejecutivo del Consejo Nacional de Derechos Humanos, Larry Davoe, quien actuar\u00e1 como Secretario Ejecutivo Permanente.<\/p>\n<p style=\"text-align: justify;\">Tambi\u00e9n se sumar\u00e1n la fiscal general de la Rep\u00fablica, Luisa Ortega D\u00edaz; el defensor del pueblo, Tareck William Saab; el constitucionalista, Hern\u00e1n Escarr\u00e1; la canciller de la Rep\u00fablica, Delcy Rodr\u00edguez; y miembros del Comit\u00e9 de v\u00edctimas de las guarimba y la Asociaci\u00f3n de V\u00edctimas del Golpe de Estado del 11 de abril de 2002.<\/p>\n<p style=\"text-align: justify;\">Reconocer a las v\u00edctimas y hacer que su testimonio sea escuchado en diferentes destinos del mundo, es una de las primeras tareas que realizar\u00e1 la comisi\u00f3n, inform\u00f3 el vicepresidente Ejecutivo.<\/p>\n<p style=\"text-align: justify;\">\u00abLo importante es visibilizar a las v\u00edctimas, precisar el alcance de los da\u00f1os y escucharlos, y que el pa\u00eds y el mundo los escuche. Tenemos que colocarles a las v\u00edctimas una suerte de micr\u00f3fono, para que sean o\u00eddos y luego los victimarios ser capaces, por la patria y por la paz, de asumir las responsabilidades\u00bb, expres\u00f3 Ist\u00fariz durante el acto de instalaci\u00f3n, transmitido en cadena nacional.<\/p>\n<p style=\"text-align: justify;\">Ist\u00fariz presidir\u00e1 esta instancia, cuyo objetivo principal ser\u00e1 reivindicar la justicia y la memoria, como la base ideal para hallar la conciliaci\u00f3n y la paz.<\/p>\n<p style=\"text-align: justify;\">\u00abNo podemos buscar el perd\u00f3n sin o\u00edr a las v\u00edctimas, sin incorporar a las v\u00edctimas. Esa es una de las tareas de esta comisi\u00f3n, porque solo as\u00ed podremos llegar al ansiado objetivo de lograr la verdad, y con la verdad es que puede llegar la justicia, y con la justicia es que puede venir el perd\u00f3n\u00bb, se\u00f1al\u00f3 el vicepresidente.<\/p>\n<p style=\"text-align: justify;\"><strong>La genuina democracia<\/strong><\/p>\n<p style=\"text-align: justify;\">El periodista venezolano y defensor de los derechos humanos, Jos\u00e9 Vicente Rangel, expres\u00f3 un discurso durante el acto, en el se refiri\u00f3 a la importancia de transformar esta comisi\u00f3n en una herramienta para reivindicar la justicia y la memoria.<\/p>\n<p style=\"text-align: justify;\">\u00abEs deber nuestro, de lo que nosotros representamos, reivindicar la justicia y la memoria. No es posible avanzar en el camino de conquistar la justicia y esclarecer la verdad si no hay memoria. La memoria es la base de todo proceso encaminado a discernir d\u00f3nde est\u00e1 la verdad y d\u00f3nde est\u00e1 la mentira\u00bb, expres\u00f3 el periodista desde el palacio presidencial.<\/p>\n<p style=\"text-align: justify;\">Insisti\u00f3 en que en Venezuela, pese a la guerra econ\u00f3mica y medi\u00e1tica que se impone contra el pa\u00eds desde el exterior, existe una inmensa diferencia entre la falsa democracia representativa que imper\u00f3 durante 40 a\u00f1os de Cuarta Rep\u00fablica, y la democracia participativa y protag\u00f3nica que instaur\u00f3 el comandante Hugo Ch\u00e1vez, en 1999.<\/p>\n<p style=\"text-align: justify;\">De aquellos 40 a\u00f1os \u2014explic\u00f3 Rangel\u2014 quedaron altos \u00edndices de pobreza y miseria m\u00e1s la muerte de 3.000 hombres y mujeres que padecieron v\u00edctima de la represi\u00f3n. Del proceso bolivariano y chavista que asciende a 17 a\u00f1os, quedan las conquistas sociales ganadas por el pueblo, la organizaci\u00f3n popular y la esperanza de consolidar la patria nueva.<\/p>\n<p style=\"text-align: justify;\">\u00abPara nosotros es fundamental que quede claro frente el mundo que Venezuela es una genuina democracia, y que se respetan los derechos humanos. Que en Venezuela funcionan las instituciones y que tenemos una fuerza armada respetuosa de los derechos humanos\u00bb, dijo.<\/p>\n<p>&nbsp;<\/p>\n","protected":false},"excerpt":{"rendered":"<p>Caracas, 12 Abr. Cortes\u00eda AVN.- Este martes 12 de abril, en un acto celebrado en el Palacio de Miraflores, en Caracas, el presidente de la Rep\u00fablica, Nicol\u00e1s Maduro, instal\u00f3 la Comisi\u00f3n para la Verdad, la Justicia y la Reparaci\u00f3n de las V\u00edctimas, una instancia creada para reconocer, proteger y brindar atenci\u00f3n a personas afectadas por [&hellip;]<\/p>\n","protected":false},"author":3,"featured_media":2715,"comment_status":"closed","ping_status":"closed","sticky":false,"template":"","format":"standard","meta":[],"categories":[21,2],"tags":[51,23],"_links":{"self":[{"href":"https:\/\/www.espromedbio.gob.ve\/inicio\/wp-json\/wp\/v2\/posts\/2714"}],"collection":[{"href":"https:\/\/www.espromedbio.gob.ve\/inicio\/wp-json\/wp\/v2\/posts"}],"about":[{"href":"https:\/\/www.espromedbio.gob.ve\/inicio\/wp-json\/wp\/v2\/types\/post"}],"author":[{"embeddable":true,"href":"https:\/\/www.espromedbio.gob.ve\/inicio\/wp-json\/wp\/v2\/users\/3"}],"replies":[{"embeddable":true,"href":"https:\/\/www.espromedbio.gob.ve\/inicio\/wp-json\/wp\/v2\/comments?post=2714"}],"version-history":[{"count":1,"href":"https:\/\/www.espromedbio.gob.ve\/inicio\/wp-json\/wp\/v2\/posts\/2714\/revisions"}],"predecessor-version":[{"id":2716,"href":"https:\/\/www.espromedbio.gob.ve\/inicio\/wp-json\/wp\/v2\/posts\/2714\/revisions\/2716"}],"wp:featuredmedia":[{"embeddable":true,"href":"https:\/\/www.espromedbio.gob.ve\/inicio\/wp-json\/wp\/v2\/media\/2715"}],"wp:attachment":[{"href":"https:\/\/www.espromedbio.gob.ve\/inicio\/wp-json\/wp\/v2\/media?parent=2714"}],"wp:term":[{"taxonomy":"category","embeddable":true,"href":"https:\/\/www.espromedbio.gob.ve\/inicio\/wp-json\/wp\/v2\/categories?post=2714"},{"taxonomy":"post_tag","embeddable":true,"href":"https:\/\/www.espromedbio.gob.ve\/inicio\/wp-json\/wp\/v2\/tags?post=2714"}],"curies":[{"name":"wp","href":"https:\/\/api.w.org\/{rel}","templated":true}]}}