{"id":2717,"date":"2016-04-12T18:37:37","date_gmt":"2016-04-12T23:07:37","guid":{"rendered":"http:\/\/espromedbio.gob.ve\/?p=2717"},"modified":"2016-04-12T18:37:37","modified_gmt":"2016-04-12T23:07:37","slug":"mas-de-100-organizaciones-del-poder-popular-se-preparan-para-apoyar-vacunacion-en-portuguesa","status":"publish","type":"post","link":"https:\/\/www.espromedbio.gob.ve\/inicio\/mas-de-100-organizaciones-del-poder-popular-se-preparan-para-apoyar-vacunacion-en-portuguesa\/","title":{"rendered":"M\u00e1s de 100 organizaciones del poder popular se preparan para apoyar vacunaci\u00f3n en Portuguesa"},"content":{"rendered":"<div class=\"cuerpo\">\n<div>\n<p style=\"text-align: justify;\"><strong>Guanare, 12 Abr. Cortes\u00eda AVN.-<\/strong> M\u00e1s de 100 organizaciones del poder popular se preparan en el estado Portuguesa, en los llanos venezolanos, para apoyar el desarrollo de la Jornada de Vacunaci\u00f3n de Las Am\u00e9ricas 2016, que arrancar\u00e1 el 24 de este mes con la meta de iniciar, continuar y culminar los esquemas de inmunizaci\u00f3n en ni\u00f1os de cero a seis a\u00f1os de edad.<\/p>\n<p style=\"text-align: justify;\">\n<\/div>\n<\/div>\n<p style=\"text-align: justify;\"><!--more--><\/p>\n<div class=\"cuerpo\">\n<div>\n<p style=\"text-align: justify;\">Voceros de comit\u00e9s de salud, consejos comunales y unidades de Batalla Bol\u00edvar-Ch\u00e1vez (UBCh) acudieron a una sesi\u00f3n especial de capacitaci\u00f3n, organizada por el Ministerio de Salud, para sumar al poder popular a la captaci\u00f3n de susceptibles, a la promoci\u00f3n y a la ejecuci\u00f3n de esta campa\u00f1a, que se cumple anualmente y de manera simult\u00e1nea en los pa\u00edses de Am\u00e9rica Latina y El Caribe.<\/p>\n<p style=\"text-align: justify;\">Agelvis Colmenares, vocero comunal de Colinas de Italven de Guanare, donde opera un consultorio popular, indic\u00f3 que esta instrucci\u00f3n es vital para fomentar la participaci\u00f3n comunitaria en todo el proceso que conlleva la vacunaci\u00f3n, identificar a los ni\u00f1os con esquemas incompletos y apoyar al personal del Programa Ampliado de Inmunizaciones (PAI).<\/p>\n<p style=\"text-align: justify;\">\u00abLa Revoluci\u00f3n no s\u00f3lo nos ha preparado para el trabajo pol\u00edtico sino para integrarnos a la lucha por la Patria desde cualquier escenario, y la salud es un escenario primordial\u00bb, destac\u00f3.<\/p>\n<p style=\"text-align: justify;\">Colmenares precis\u00f3 el alcance de la incorporaci\u00f3n de la comunidad organizada al proceso de vacunaci\u00f3n: \u00abNosotros en el barrio somos muchos, ellos (personal de salud) en los centros de salud son pocos. Nosotros necesitamos las vacunas y ellos las tienen, as\u00ed que en la uni\u00f3n est\u00e1 la fuerza\u00bb.<\/p>\n<p style=\"text-align: justify;\">Mar\u00eda La Cruz Garc\u00eda, integrante de la UBCh Carlos Quintero, del municipio San Genaro de Bocono\u00edto, apunt\u00f3 que el trabajo de los luchadores sociales y voceros comunitarios har\u00e1 m\u00e1s eficiente la Jornada de Las Am\u00e9ricas, porque \u00abnosotros somos quienes conocemos a los ni\u00f1os de nuestras comunidades, as\u00ed que si nos integramos, de seguro, no quedar\u00e1 uno solo sin recibir sus vacunas\u00bb.<\/p>\n<p style=\"text-align: justify;\">La incorporaci\u00f3n del poder popular a la captaci\u00f3n de susceptibles es un iniciativa del Ministerio para la Salud en Portuguesa para procurar 100% de cobertura tanto en las vacunas trazadoras de la campa\u00f1a continental -antipolio y pentavalente- como en el resto de los biol\u00f3gicos que conforman el esquema de vacunaci\u00f3n venezolano.\u00a0AVN<\/p>\n<\/div>\n<\/div>\n","protected":false},"excerpt":{"rendered":"<p>Guanare, 12 Abr. Cortes\u00eda AVN.- M\u00e1s de 100 organizaciones del poder popular se preparan en el estado Portuguesa, en los llanos venezolanos, para apoyar el desarrollo de la Jornada de Vacunaci\u00f3n de Las Am\u00e9ricas 2016, que arrancar\u00e1 el 24 de este mes con la meta de iniciar, continuar y culminar los esquemas de inmunizaci\u00f3n en [&hellip;]<\/p>\n","protected":false},"author":3,"featured_media":2718,"comment_status":"closed","ping_status":"closed","sticky":false,"template":"","format":"standard","meta":[],"categories":[21,2],"tags":[60,66,12],"_links":{"self":[{"href":"https:\/\/www.espromedbio.gob.ve\/inicio\/wp-json\/wp\/v2\/posts\/2717"}],"collection":[{"href":"https:\/\/www.espromedbio.gob.ve\/inicio\/wp-json\/wp\/v2\/posts"}],"about":[{"href":"https:\/\/www.espromedbio.gob.ve\/inicio\/wp-json\/wp\/v2\/types\/post"}],"author":[{"embeddable":true,"href":"https:\/\/www.espromedbio.gob.ve\/inicio\/wp-json\/wp\/v2\/users\/3"}],"replies":[{"embeddable":true,"href":"https:\/\/www.espromedbio.gob.ve\/inicio\/wp-json\/wp\/v2\/comments?post=2717"}],"version-history":[{"count":1,"href":"https:\/\/www.espromedbio.gob.ve\/inicio\/wp-json\/wp\/v2\/posts\/2717\/revisions"}],"predecessor-version":[{"id":2719,"href":"https:\/\/www.espromedbio.gob.ve\/inicio\/wp-json\/wp\/v2\/posts\/2717\/revisions\/2719"}],"wp:featuredmedia":[{"embeddable":true,"href":"https:\/\/www.espromedbio.gob.ve\/inicio\/wp-json\/wp\/v2\/media\/2718"}],"wp:attachment":[{"href":"https:\/\/www.espromedbio.gob.ve\/inicio\/wp-json\/wp\/v2\/media?parent=2717"}],"wp:term":[{"taxonomy":"category","embeddable":true,"href":"https:\/\/www.espromedbio.gob.ve\/inicio\/wp-json\/wp\/v2\/categories?post=2717"},{"taxonomy":"post_tag","embeddable":true,"href":"https:\/\/www.espromedbio.gob.ve\/inicio\/wp-json\/wp\/v2\/tags?post=2717"}],"curies":[{"name":"wp","href":"https:\/\/api.w.org\/{rel}","templated":true}]}}