{"id":2723,"date":"2016-04-13T16:44:51","date_gmt":"2016-04-13T21:14:51","guid":{"rendered":"http:\/\/espromedbio.gob.ve\/?p=2723"},"modified":"2016-04-13T16:44:51","modified_gmt":"2016-04-13T21:14:51","slug":"maduro-exhorto-a-la-milicia-bolivariana-a-ser-garantes-de-la-continuidad-pacifica-del-pais","status":"publish","type":"post","link":"https:\/\/www.espromedbio.gob.ve\/inicio\/maduro-exhorto-a-la-milicia-bolivariana-a-ser-garantes-de-la-continuidad-pacifica-del-pais\/","title":{"rendered":"Maduro exhort\u00f3 a la Milicia Bolivariana a ser garantes de la continuidad pac\u00edfica del pa\u00eds"},"content":{"rendered":"<div class=\"cuerpo\">\n<div>\n<p style=\"text-align: justify;\"><strong>Caracas, 13 Abr. Cortes\u00eda AVN.-<\/strong> El presidente de la Rep\u00fablica, Nicol\u00e1s Maduro, exhort\u00f3 a la Milicia Bolivariana a ser garantes de la continuidad pac\u00edfica del pa\u00eds ante la arremetida imperial, que busca sojuzgar nuevamente a Venezuela a sus intereses.<\/p>\n<\/div>\n<\/div>\n<p style=\"text-align: justify;\"><!--more--><\/p>\n<p style=\"text-align: justify;\">\u00abUstedes milicianos, son soldados del pueblo, de la patria, de la tierra, de la historia, de (Sim\u00f3n) Bol\u00edvar, ustedes son legado de (Hugo) Ch\u00e1vez, los que lo rescataron hace 14 a\u00f1os y los que deben garantizar que esta Rep\u00fablica contin\u00fae su tr\u00e1nsito de este siglo en cualquier circunstancia\u00bb, afirm\u00f3 el jefe de Estado en transmisi\u00f3n de Venezolana de Televisi\u00f3n desde el Pante\u00f3n Nacional, ubicado en Caracas, para celebrar el sexto aniversario de la Milicia Bolivariana.<\/p>\n<p style=\"text-align: justify;\">A las afueras de la casa de los ciudadanos m\u00e1s ilustres de Venezuela, el primer mandatario felicit\u00f3 al ministro para la Defensa, Vladimir Padrino L\u00f3pez, por seguir en la construcci\u00f3n de la nueva doctrina de la Fuerza Armada Nacional Bolivariana (Fanb) en defensa del ataque imperial.<\/p>\n<p style=\"text-align: justify;\">\u00abSe ha empe\u00f1ado personalmente y este equipo de hombres patriotas para que la nueva doctrina de la Fanb siga su proceso de despliegue, de desarrollo, en estos a\u00f1os que no han sido f\u00e1ciles, a\u00f1os de lucha: 2013, 2014, 2015 y este a\u00f1o que tenemos el gran reto de derrotar definitivamente la conspiraci\u00f3n imperialista que pretende capturar y volver a colonizar la patria\u00bb, sostuvo.<\/p>\n<p style=\"text-align: justify;\">Asimismo, enunci\u00f3 cada una de las virtudes que deben tener los milicianos para as\u00ed elevar los principios emanados de la doctrina del Libertador. \u00abEs un nuevo concepto estrat\u00e9gico de defensa para garantizar la paz, los derechos del pueblo, la seguridad territorial, la uni\u00f3n de la Rep\u00fablica, la doctrina, el concepto y los principios de lealtad, disciplina, de m\u00e1xima uni\u00f3n c\u00edvica militar\u00bb.<\/p>\n<p style=\"text-align: justify;\"><strong>Condecoraci\u00f3n<\/strong><\/p>\n<p style=\"text-align: justify;\">El presidente Maduro tambi\u00e9n condecor\u00f3 a una serie de milicianos con la Cruz de la Milicia Bolivariana para as\u00ed resaltar su desempe\u00f1o dentro del cuerpo marcial, convirti\u00e9ndose en \u00abpueblo uniformado en armas\u00bb.<\/p>\n<p style=\"text-align: justify;\">Los condecorados fueron: N\u00e9stor Jes\u00fas Key, el teniente Jes\u00fas Luis Ch\u00e1vez, el sargento primero Darwin Jes\u00fas Vielma, el primer teniente Rebeca Vel\u00e1squez, el sargento primero Robert Vega, el teniente Yaritza Belandria, el teniente Nahum Fern\u00e1ndez y el teniente Eduardo Pi\u00f1ate.<\/p>\n<p style=\"text-align: justify;\">Posteriormente se present\u00f3 un acto cultural titulado \u00abL\u00edneas de tiempo de la milicia en Venezuela\u00bb, donde se teatralizaron los hechos m\u00e1s resaltantes en la historia del pa\u00eds, desde la \u00e9poca previa a la colonizaci\u00f3n espa\u00f1ola, donde viv\u00edan en paz la poblaci\u00f3n ind\u00edgena, hasta los hechos ocurridos el 11, 12 y 13 de abril de 2002, cuando factores de la derecha nacional e internacional dieron un golpe de Estado por 48 horas, hasta que se retom\u00f3 el hilo constitucional.<\/p>\n<p style=\"text-align: justify;\">Las actividades culturales cerraron con una interpretaci\u00f3n musical de la agrupaci\u00f3n Lloviznando Cantos.\u00a0<strong>AVN<\/strong><\/p>\n","protected":false},"excerpt":{"rendered":"<p>Caracas, 13 Abr. Cortes\u00eda AVN.- El presidente de la Rep\u00fablica, Nicol\u00e1s Maduro, exhort\u00f3 a la Milicia Bolivariana a ser garantes de la continuidad pac\u00edfica del pa\u00eds ante la arremetida imperial, que busca sojuzgar nuevamente a Venezuela a sus intereses.<\/p>\n","protected":false},"author":3,"featured_media":2724,"comment_status":"closed","ping_status":"closed","sticky":false,"template":"","format":"standard","meta":[],"categories":[21,2],"tags":[23],"_links":{"self":[{"href":"https:\/\/www.espromedbio.gob.ve\/inicio\/wp-json\/wp\/v2\/posts\/2723"}],"collection":[{"href":"https:\/\/www.espromedbio.gob.ve\/inicio\/wp-json\/wp\/v2\/posts"}],"about":[{"href":"https:\/\/www.espromedbio.gob.ve\/inicio\/wp-json\/wp\/v2\/types\/post"}],"author":[{"embeddable":true,"href":"https:\/\/www.espromedbio.gob.ve\/inicio\/wp-json\/wp\/v2\/users\/3"}],"replies":[{"embeddable":true,"href":"https:\/\/www.espromedbio.gob.ve\/inicio\/wp-json\/wp\/v2\/comments?post=2723"}],"version-history":[{"count":2,"href":"https:\/\/www.espromedbio.gob.ve\/inicio\/wp-json\/wp\/v2\/posts\/2723\/revisions"}],"predecessor-version":[{"id":2728,"href":"https:\/\/www.espromedbio.gob.ve\/inicio\/wp-json\/wp\/v2\/posts\/2723\/revisions\/2728"}],"wp:featuredmedia":[{"embeddable":true,"href":"https:\/\/www.espromedbio.gob.ve\/inicio\/wp-json\/wp\/v2\/media\/2724"}],"wp:attachment":[{"href":"https:\/\/www.espromedbio.gob.ve\/inicio\/wp-json\/wp\/v2\/media?parent=2723"}],"wp:term":[{"taxonomy":"category","embeddable":true,"href":"https:\/\/www.espromedbio.gob.ve\/inicio\/wp-json\/wp\/v2\/categories?post=2723"},{"taxonomy":"post_tag","embeddable":true,"href":"https:\/\/www.espromedbio.gob.ve\/inicio\/wp-json\/wp\/v2\/tags?post=2723"}],"curies":[{"name":"wp","href":"https:\/\/api.w.org\/{rel}","templated":true}]}}