{"id":2726,"date":"2016-04-13T16:49:44","date_gmt":"2016-04-13T21:19:44","guid":{"rendered":"http:\/\/espromedbio.gob.ve\/?p=2726"},"modified":"2016-04-13T16:49:44","modified_gmt":"2016-04-13T21:19:44","slug":"50-mil-ninos-sucrenses-menores-de-5-anos-recibiran-vacunas-de-las-americas","status":"publish","type":"post","link":"https:\/\/www.espromedbio.gob.ve\/inicio\/50-mil-ninos-sucrenses-menores-de-5-anos-recibiran-vacunas-de-las-americas\/","title":{"rendered":"50 mil ni\u00f1os sucrenses menores de 5 a\u00f1os recibir\u00e1n vacunas de las Am\u00e9ricas"},"content":{"rendered":"<div class=\"cuerpo\">\n<div class=\"cuerpo\">\n<div>\n<p style=\"text-align: justify;\"><strong>Cuman\u00e1, 13 Abr. Cortes\u00eda AVN.-<\/strong> Unos 50.000 ni\u00f1os menores de 5 a\u00f1os ser\u00e1n atendidos en los 293 centros de salud que ha dispuesto el Gobierno Bolivariano del estado Sucre, para la realizaci\u00f3n de la Jornada de Vacunaci\u00f3n de Las Am\u00e9ricas, la cual se desarrollar\u00e1 en la entidad desde el 24 de abril hasta el primero de mayo.<\/p>\n<\/div>\n<\/div>\n<\/div>\n<p style=\"text-align: justify;\"><!--more--><\/p>\n<p style=\"text-align: justify;\">As\u00ed lo dio a conocer este mi\u00e9rcoles el director ejecutivo de la Fundaci\u00f3n para la Salud de Sucre, William Palomo, quien el domingo 24, desde muy temprano, un equipo multidisciplinario &#8211; conformado por m\u00e9dicos, enfermeras y trabajadores sociales- llevar\u00e1 a cabo la atenci\u00f3n de ni\u00f1os y adultos desde los centros de salud destinados para la jornada, los cuales desde ya se encuentran acondicionados y con la dotaci\u00f3n requerida.<\/p>\n<p style=\"text-align: justify;\">Las dosis contempladas en la Jornada de Las Am\u00e9ricas -que se llevar\u00e1 a cabo en el marco de la Semana de la Inmunizaci\u00f3n- est\u00e1n destinadas a combatir enfermedades como la poliomielitis, trivalente viral, polivalente, tuberculosis, hepatitis \u00abB\u00bb, influenza estacional, tosferina, meningitis, neumon\u00eda, fiebre amarilla, sarampi\u00f3n y rubeola, en caso de los ni\u00f1os; mientras que en los adolescentes, adultos y personas de la tercera edad se predestinan para prevenir la fiebre amarilla, influenza estacional, t\u00e9tanos, meningitis, afecciones invasivas y hepatitis \u00abB\u00bb.<\/p>\n<p style=\"text-align: justify;\">\u00abEsta vacunaci\u00f3n se realiza todos los a\u00f1os a nivel mundial; sin embargo, en los pa\u00edses de Am\u00e9rica y el Caribe, cobra mayor relevancia. En el caso de Venezuela se efect\u00faa en raz\u00f3n de que el Gobierno Nacional y los gobiernos regionales programan los recursos necesarios para su ejecuci\u00f3n y la atenci\u00f3n de los ni\u00f1os, que son el inter\u00e9s primordial, pues representan las generaciones futuras\u00bb, acot\u00f3.<\/p>\n<p style=\"text-align: justify;\">\u00abAnterior a la actividad, este equipo de trabajo de Fundasalud se despleg\u00f3 para realizar un censo entre la poblaci\u00f3n infantil y adulta, a objeto de estimar el n\u00famero de habitantes sucrenses que no han recibido las dosis y la cantidad que requiere el refuerzo de algunas de ellas\u00bb, se\u00f1al\u00f3.<\/p>\n<p style=\"text-align: justify;\">En el 2015 el estado Sucre super\u00f3 la meta de vacunaci\u00f3n, prevista en 115.000 personas, alcanzando un total de 123.000 vacunados, por lo que estiman superar una vez m\u00e1s las metas de vacunaci\u00f3n, pues ello implica salud y prevenci\u00f3n para la poblaci\u00f3n.\u00a0<strong>AVN\/Foto: Archivo Espromed Bio\u00a0<\/strong><\/p>\n","protected":false},"excerpt":{"rendered":"<p>Cuman\u00e1, 13 Abr. Cortes\u00eda AVN.- Unos 50.000 ni\u00f1os menores de 5 a\u00f1os ser\u00e1n atendidos en los 293 centros de salud que ha dispuesto el Gobierno Bolivariano del estado Sucre, para la realizaci\u00f3n de la Jornada de Vacunaci\u00f3n de Las Am\u00e9ricas, la cual se desarrollar\u00e1 en la entidad desde el 24 de abril hasta el primero [&hellip;]<\/p>\n","protected":false},"author":3,"featured_media":2536,"comment_status":"closed","ping_status":"closed","sticky":false,"template":"","format":"standard","meta":[],"categories":[21,2],"tags":[30,66,12],"_links":{"self":[{"href":"https:\/\/www.espromedbio.gob.ve\/inicio\/wp-json\/wp\/v2\/posts\/2726"}],"collection":[{"href":"https:\/\/www.espromedbio.gob.ve\/inicio\/wp-json\/wp\/v2\/posts"}],"about":[{"href":"https:\/\/www.espromedbio.gob.ve\/inicio\/wp-json\/wp\/v2\/types\/post"}],"author":[{"embeddable":true,"href":"https:\/\/www.espromedbio.gob.ve\/inicio\/wp-json\/wp\/v2\/users\/3"}],"replies":[{"embeddable":true,"href":"https:\/\/www.espromedbio.gob.ve\/inicio\/wp-json\/wp\/v2\/comments?post=2726"}],"version-history":[{"count":2,"href":"https:\/\/www.espromedbio.gob.ve\/inicio\/wp-json\/wp\/v2\/posts\/2726\/revisions"}],"predecessor-version":[{"id":2729,"href":"https:\/\/www.espromedbio.gob.ve\/inicio\/wp-json\/wp\/v2\/posts\/2726\/revisions\/2729"}],"wp:featuredmedia":[{"embeddable":true,"href":"https:\/\/www.espromedbio.gob.ve\/inicio\/wp-json\/wp\/v2\/media\/2536"}],"wp:attachment":[{"href":"https:\/\/www.espromedbio.gob.ve\/inicio\/wp-json\/wp\/v2\/media?parent=2726"}],"wp:term":[{"taxonomy":"category","embeddable":true,"href":"https:\/\/www.espromedbio.gob.ve\/inicio\/wp-json\/wp\/v2\/categories?post=2726"},{"taxonomy":"post_tag","embeddable":true,"href":"https:\/\/www.espromedbio.gob.ve\/inicio\/wp-json\/wp\/v2\/tags?post=2726"}],"curies":[{"name":"wp","href":"https:\/\/api.w.org\/{rel}","templated":true}]}}