{"id":2766,"date":"2016-04-20T11:43:20","date_gmt":"2016-04-20T16:13:20","guid":{"rendered":"http:\/\/espromedbio.gob.ve\/?p=2766"},"modified":"2016-04-20T11:43:20","modified_gmt":"2016-04-20T16:13:20","slug":"congreso-de-la-patria-se-cimienta-sobre-el-rol-protagonico-del-pueblo","status":"publish","type":"post","link":"https:\/\/www.espromedbio.gob.ve\/inicio\/congreso-de-la-patria-se-cimienta-sobre-el-rol-protagonico-del-pueblo\/","title":{"rendered":"Congreso de la Patria se cimienta sobre el rol protag\u00f3nico del pueblo"},"content":{"rendered":"<p style=\"text-align: justify;\"><strong>Caracas, 19 Abr. Cortes\u00eda AVN.-<\/strong> Venezuela se constituye en un Estado democr\u00e1tico y social de derecho, basado en la corresponsabilidad del pueblo en la gesti\u00f3n de gobierno. Es en s\u00ed el Poder Popular, que ha sido el centro y la orientaci\u00f3n de la Revoluci\u00f3n Bolivariana y, hoy el Congreso de la Patria debe ser garant\u00eda de ello.<!--more--><\/p>\n<p style=\"text-align: justify;\">\u00abLa construcci\u00f3n del poder popular, la ampliaci\u00f3n del poder del pueblo, la construcci\u00f3n de los nuevos movimientos sociales, nuevas columnas de luchas, el fortalecimiento de los partidos revolucionarios con un nuevo liderazgo\u00bb deben ser las premisas del Congreso de la Patria, sostuvo este martes el presidente de la Rep\u00fablica, Nicol\u00e1s Maduro.<\/p>\n<p style=\"text-align: justify;\">Desde la Plaza Bol\u00edvar de Caracas, en el centro de la capital, en donde estuvo el pueblo y principalmente los voceros y delegados de dicha instancia de debate, el Jefe de Estado insisti\u00f3 en la necesidad de que todos los sectores tomen la bandera como sujetos activos en los procesos de transformaci\u00f3n que impulsa la Revoluci\u00f3n.<\/p>\n<p style=\"text-align: justify;\">All\u00ed, donde adem\u00e1s los venezolanos conmemoraron\u00a0los 206 a\u00f1os del primero grito por la independencia de Venezuela, el Presidente Maduro reiter\u00f3 que la materia econ\u00f3mica debe ser uno de los temas principales en la que la participaci\u00f3n del pueblo organizado es vital, debido a que\u00a0\u2014record\u00f3\u2014 Venezuela hoy es blanco de ataque imperial y es precisamente la guerra econ\u00f3mica su principal arma.<\/p>\n<p style=\"text-align: justify;\">\u00abLas tareas que hoy tenemos para vencer la guerra econ\u00f3mica, para enfrentar la conspiraci\u00f3n en marcha de esta oligarqu\u00eda desesperada y enloquecida, solo lo podemos neutralizar, detener y derrotar con m\u00e1s poder popular\u00bb, insisti\u00f3 Maduro, quien adem\u00e1s\u00a0recibi\u00f3 el informe con las primeras conclusiones emanadas del Congreso de la Patria y en las que\u00a0figura erigir esta instancia como un espacio constante, donde el pueblo puede debatir, discutir y ofrecer sus propuestas para el desarrollo de las pol\u00edticas del Estado.<\/p>\n<p style=\"text-align: justify;\">Durante el evento, transmitido en cadena\u00a0conjunta de radio y televisi\u00f3n, el Presidente Maduro se\u00f1al\u00f3 que esta instancia se mantendr\u00e1 de forma permanente. \u00abEl Congreso de la Patria es el gran instrumento, por eso asumo la propuesta y la someto a ustedes, de constituir el Congreso de la Patria como un instrumento permanente de la revoluci\u00f3n bolivariana para esta nueva etapa\u00bb.\u00a0<a href=\"http:\/\/espromedbio.gob.ve\/wp-content\/uploads\/2016\/04\/019_eg_9578_1461102165.jpg\"><img loading=\"lazy\" class=\"alignleft wp-image-2768 size-full\" src=\"http:\/\/espromedbio.gob.ve\/wp-content\/uploads\/2016\/04\/019_eg_9578_1461102165.jpg\" alt=\"019_eg_9578_1461102165\" width=\"454\" height=\"302\" srcset=\"https:\/\/www.espromedbio.gob.ve\/wp-content\/uploads\/2016\/04\/019_eg_9578_1461102165.jpg 454w, https:\/\/www.espromedbio.gob.ve\/wp-content\/uploads\/2016\/04\/019_eg_9578_1461102165-300x200.jpg 300w, https:\/\/www.espromedbio.gob.ve\/wp-content\/uploads\/2016\/04\/019_eg_9578_1461102165-272x182.jpg 272w\" sizes=\"(max-width: 454px) 100vw, 454px\" \/><\/a><\/p>\n<p style=\"text-align: justify;\"><strong>Rol de los movimientos sociales<\/strong><\/p>\n<p style=\"text-align: justify;\">El Mandatario nacional anunci\u00f3 tambi\u00e9n que los movimientos sociales conformar\u00e1n el comit\u00e9 nacional del Congreso de la Patria, con el fin de conducir desde el mismo pueblo los planes de acci\u00f3n pol\u00edticos, econ\u00f3mico, sociales y de preservaci\u00f3n de la paz que adelanta la instancia deliberante.<\/p>\n<p style=\"text-align: justify;\">Para tales fines, llamo a desarrollar una hoja de ruta entre este martes 19 de abril y el 5 de julio pr\u00f3ximo, para preparar a todos los movimientos sociales frente a las tareas que asumir\u00e1n en la transformaci\u00f3n de la Revoluci\u00f3n Bolivariana.<\/p>\n<p style=\"text-align: justify;\">Cada movimiento, que cuenta con sus columnas organizativas, debe conformar equipos estadales. Luego, se debe consolidar la gran coordinaci\u00f3n nacional del congreso, con los l\u00edderes de base de cada sector.<\/p>\n<p style=\"text-align: justify;\">\u00abQuiero que conformemos un comit\u00e9 nacional coordinador que asuma la conducci\u00f3n del Congreso de la Patria, todo su plan de movilizaci\u00f3n, todo el plan nacional de defensa de la paz, todo el plan nacional de lucha contra la guerra econ\u00f3mica y todo el plan de lucha contra la amenaza de la Asamblea Nacional adeca burguesa. Quiero que ese plan sea conducido por el pueblo a trav\u00e9s del Congreso de la Patria\u00bb, refiri\u00f3 el Presidente.<\/p>\n<p style=\"text-align: justify;\">Esta organizaci\u00f3n popular ser\u00e1 fundamental para neutralizar las acciones desestabilizadoras que se promueven desde la Asamblea Nacional, con mayor\u00eda de derecha. Dicho espacio \u00abes la punta de lanza de un golpe de Estado que pretende dar el imperialismo una vez m\u00e1s contra la Revoluci\u00f3n y solo el pueblo salva al pueblo, y solo el pueblo derrotar\u00e1 a la AN adeca burguesa\u00bb, refiri\u00f3 Maduro, quien indic\u00f3 que el Bloque de la Patria tiene la tarea de denunciar las acciones golpistas del parlamento.<\/p>\n<p style=\"text-align: justify;\">Toda esta organizaci\u00f3n \u2014agreg\u00f3 Maduro\u2014 debe garantizar que el pueblo, guiado por la Constituci\u00f3n, est\u00e9 movilizado defendiendo sus derechos, como lo hizo con la Gran Misi\u00f3n Vivienda Venezuela ante las pretensiones de privatizar esta pol\u00edtica habitacional.<\/p>\n<p style=\"text-align: justify;\">El jefe de Estado, adem\u00e1s, anunci\u00f3 que en mayo pr\u00f3ximo se iniciar\u00e1 el proceso de organizaci\u00f3n, juramentaci\u00f3n, inscripci\u00f3n y carnetizaci\u00f3n de millones de venezolanos, integrantes de movimientos sociales, dispuestos a sumarse a los planes para la transformaci\u00f3n de la patria venezolana.<\/p>\n<p style=\"text-align: justify;\">Asimismo, el Presidente de la Rep\u00fablica inform\u00f3 que el pr\u00f3ximo 14 de julio, cuando se cumplir\u00e1n 200 a\u00f1os de la muerte de Francisco de Miranda, se celebrar\u00e1 el Congreso de la Patria Internacional.\u00a0<a href=\"http:\/\/espromedbio.gob.ve\/wp-content\/uploads\/2016\/04\/img_22141461099525.jpg\"><img loading=\"lazy\" class=\"alignleft wp-image-2769 size-full\" src=\"http:\/\/espromedbio.gob.ve\/wp-content\/uploads\/2016\/04\/img_22141461099525.jpg\" alt=\"img_22141461099525\" width=\"454\" height=\"303\" srcset=\"https:\/\/www.espromedbio.gob.ve\/wp-content\/uploads\/2016\/04\/img_22141461099525.jpg 454w, https:\/\/www.espromedbio.gob.ve\/wp-content\/uploads\/2016\/04\/img_22141461099525-300x200.jpg 300w, https:\/\/www.espromedbio.gob.ve\/wp-content\/uploads\/2016\/04\/img_22141461099525-272x182.jpg 272w\" sizes=\"(max-width: 454px) 100vw, 454px\" \/><\/a><\/p>\n<p style=\"text-align: justify;\"><strong>Lucha antiimperialista<\/strong><\/p>\n<p style=\"text-align: justify;\">Hoy, cuando los pueblos soberanos en Am\u00e9rica Latina enfrenta una embestida imperial, con la que se pretende restituir el neoliberalismo en la regi\u00f3n, el Presidente de Venezuela reitera el car\u00e1cter antiimperialista de su pa\u00eds y de su pueblo.<\/p>\n<p style=\"text-align: justify;\">Actualmente hay \u00abuna arremetida brutal del imperialismo norteamericano contra los procesos pac\u00edficos, progresistas, independentistas y revolucionarios que se levantaron en la Am\u00e9rica durante este siglo XXI\u00bb, entre ellos, Venezuela, se\u00f1al\u00f3 el Jefe de Estado, quien adem\u00e1s alert\u00f3 que el\u00a0intento golpista parlamentario que enfrenta su hom\u00f3loga brasile\u00f1a, Dilma Rousseff, no es casual y que por el contrario constituye una amenaza para todos los pueblos latinoamericanos.<\/p>\n<p style=\"text-align: justify;\">Esta agresi\u00f3n contra su par de Brasil \u00abforma parte de la ofensiva imperialista para acabar con los gobiernos populares y para implementar otra vez su modelo neoliberal, represivo\u00bb.<\/p>\n<p style=\"text-align: justify;\">En ese sentido, reiter\u00f3 la importancia de avanzar en Venezuela con el Congreso de la Patria,\u00a0como el gran instrumento renovador de las fuerzas patriotas para la nueva etapa revolucionaria.\u00a0\u00abNecesitamos recuperar al m\u00e1ximo nivel el protagonismo del pueblo en la construcci\u00f3n de su propio poder, de su propia sociedad\u00bb.<\/p>\n<p style=\"text-align: justify;\">Durante el evento, el Presidente Maduro\u00a0ratific\u00f3 tambi\u00e9n la solidaridad del pueblo de Venezuela con Ecuador,\u00a0tras el terremoto ocurrido recientemente en este pa\u00eds andino. <strong>AVN<\/strong><\/p>\n<p>&nbsp;<\/p>\n","protected":false},"excerpt":{"rendered":"<p>Caracas, 19 Abr. Cortes\u00eda AVN.- Venezuela se constituye en un Estado democr\u00e1tico y social de derecho, basado en la corresponsabilidad del pueblo en la gesti\u00f3n de gobierno. Es en s\u00ed el Poder Popular, que ha sido el centro y la orientaci\u00f3n de la Revoluci\u00f3n Bolivariana y, hoy el Congreso de la Patria debe ser garant\u00eda [&hellip;]<\/p>\n","protected":false},"author":3,"featured_media":2767,"comment_status":"closed","ping_status":"closed","sticky":false,"template":"","format":"standard","meta":[],"categories":[21,2],"tags":[51,23],"_links":{"self":[{"href":"https:\/\/www.espromedbio.gob.ve\/inicio\/wp-json\/wp\/v2\/posts\/2766"}],"collection":[{"href":"https:\/\/www.espromedbio.gob.ve\/inicio\/wp-json\/wp\/v2\/posts"}],"about":[{"href":"https:\/\/www.espromedbio.gob.ve\/inicio\/wp-json\/wp\/v2\/types\/post"}],"author":[{"embeddable":true,"href":"https:\/\/www.espromedbio.gob.ve\/inicio\/wp-json\/wp\/v2\/users\/3"}],"replies":[{"embeddable":true,"href":"https:\/\/www.espromedbio.gob.ve\/inicio\/wp-json\/wp\/v2\/comments?post=2766"}],"version-history":[{"count":1,"href":"https:\/\/www.espromedbio.gob.ve\/inicio\/wp-json\/wp\/v2\/posts\/2766\/revisions"}],"predecessor-version":[{"id":2770,"href":"https:\/\/www.espromedbio.gob.ve\/inicio\/wp-json\/wp\/v2\/posts\/2766\/revisions\/2770"}],"wp:featuredmedia":[{"embeddable":true,"href":"https:\/\/www.espromedbio.gob.ve\/inicio\/wp-json\/wp\/v2\/media\/2767"}],"wp:attachment":[{"href":"https:\/\/www.espromedbio.gob.ve\/inicio\/wp-json\/wp\/v2\/media?parent=2766"}],"wp:term":[{"taxonomy":"category","embeddable":true,"href":"https:\/\/www.espromedbio.gob.ve\/inicio\/wp-json\/wp\/v2\/categories?post=2766"},{"taxonomy":"post_tag","embeddable":true,"href":"https:\/\/www.espromedbio.gob.ve\/inicio\/wp-json\/wp\/v2\/tags?post=2766"}],"curies":[{"name":"wp","href":"https:\/\/api.w.org\/{rel}","templated":true}]}}