{"id":2779,"date":"2016-04-20T12:38:46","date_gmt":"2016-04-20T17:08:46","guid":{"rendered":"http:\/\/espromedbio.gob.ve\/?p=2779"},"modified":"2016-04-20T12:39:32","modified_gmt":"2016-04-20T17:09:32","slug":"recientes-precipitaciones-forman-parte-de-la-transicion-climatica-al-periodo-de-lluvias","status":"publish","type":"post","link":"https:\/\/www.espromedbio.gob.ve\/inicio\/recientes-precipitaciones-forman-parte-de-la-transicion-climatica-al-periodo-de-lluvias\/","title":{"rendered":"Recientes precipitaciones forman parte de la transici\u00f3n clim\u00e1tica al per\u00edodo de lluvias"},"content":{"rendered":"<p style=\"text-align: justify;\"><b>Caracas, 20 de abril de 2016. Cortes\u00eda VTV<\/b><strong>.-<\/strong> Las recientes precipitaciones registradas en algunas regiones del pa\u00eds son parte del per\u00edodo de transici\u00f3n clim\u00e1tica hacia la temporada oficial de lluvias que comienza el mes de mayo.<!--more--><\/p>\n<p style=\"text-align: justify;\">As\u00ed lo dio a conocer este mi\u00e9rcoles el pronosticador del Instituto Nacional de Meteorolog\u00eda e Hidrolog\u00eda (Inameh), Jos\u00e9 Mieres, quien asegur\u00f3 en un contacto telef\u00f3nico con VTV que los \u00faltimos chaparrones que han ca\u00eddo principalmente en las regiones andina, zuliana, sur oriental y central, son producto del paso de un frente fr\u00edo por el Mar Caribe que interactu\u00f3 con las masas de aire caliente que dominaban al pa\u00eds.<\/p>\n<p style=\"text-align: justify;\">El especialista asever\u00f3 que este fen\u00f3meno trajo consigo la formaci\u00f3n de nubosidad de gran desarrollo vertical \u00a0dando como resultado las precipitaciones ca\u00eddas los d\u00edas martes y mi\u00e9rcoles.<\/p>\n<p style=\"text-align: justify;\">En ese sentido agreg\u00f3 que \u201cya se est\u00e1 aproximando lo que es el per\u00edodo lluvioso en Venezuela y es com\u00fan que este tipo de fen\u00f3meno afecte tanto el sistema clim\u00e1tico del pa\u00eds como el Mar Caribe\u201d.<\/p>\n<p style=\"text-align: justify;\">Por otra parte, Mieres detall\u00f3 que en el sur del pa\u00eds, as\u00ed como en los andes y llanos occidentales son las regiones donde se podr\u00edan sentir precipitaciones con m\u00e1s intensidad mientras que los eventos clim\u00e1ticos de la capital son producto del mencionado frente fr\u00edo.\u00a0<b>\/JF\/Foto: Archivo VTV<\/b><\/p>\n","protected":false},"excerpt":{"rendered":"<p>Caracas, 20 de abril de 2016. Cortes\u00eda VTV.- Las recientes precipitaciones registradas en algunas regiones del pa\u00eds son parte del per\u00edodo de transici\u00f3n clim\u00e1tica hacia la temporada oficial de lluvias que comienza el mes de mayo.<\/p>\n","protected":false},"author":3,"featured_media":2780,"comment_status":"closed","ping_status":"closed","sticky":false,"template":"","format":"standard","meta":[],"categories":[21,2],"tags":[109],"_links":{"self":[{"href":"https:\/\/www.espromedbio.gob.ve\/inicio\/wp-json\/wp\/v2\/posts\/2779"}],"collection":[{"href":"https:\/\/www.espromedbio.gob.ve\/inicio\/wp-json\/wp\/v2\/posts"}],"about":[{"href":"https:\/\/www.espromedbio.gob.ve\/inicio\/wp-json\/wp\/v2\/types\/post"}],"author":[{"embeddable":true,"href":"https:\/\/www.espromedbio.gob.ve\/inicio\/wp-json\/wp\/v2\/users\/3"}],"replies":[{"embeddable":true,"href":"https:\/\/www.espromedbio.gob.ve\/inicio\/wp-json\/wp\/v2\/comments?post=2779"}],"version-history":[{"count":1,"href":"https:\/\/www.espromedbio.gob.ve\/inicio\/wp-json\/wp\/v2\/posts\/2779\/revisions"}],"predecessor-version":[{"id":2781,"href":"https:\/\/www.espromedbio.gob.ve\/inicio\/wp-json\/wp\/v2\/posts\/2779\/revisions\/2781"}],"wp:featuredmedia":[{"embeddable":true,"href":"https:\/\/www.espromedbio.gob.ve\/inicio\/wp-json\/wp\/v2\/media\/2780"}],"wp:attachment":[{"href":"https:\/\/www.espromedbio.gob.ve\/inicio\/wp-json\/wp\/v2\/media?parent=2779"}],"wp:term":[{"taxonomy":"category","embeddable":true,"href":"https:\/\/www.espromedbio.gob.ve\/inicio\/wp-json\/wp\/v2\/categories?post=2779"},{"taxonomy":"post_tag","embeddable":true,"href":"https:\/\/www.espromedbio.gob.ve\/inicio\/wp-json\/wp\/v2\/tags?post=2779"}],"curies":[{"name":"wp","href":"https:\/\/api.w.org\/{rel}","templated":true}]}}