{"id":2786,"date":"2016-04-21T10:19:06","date_gmt":"2016-04-21T14:49:06","guid":{"rendered":"http:\/\/espromedbio.gob.ve\/?p=2786"},"modified":"2016-04-21T10:19:06","modified_gmt":"2016-04-21T14:49:06","slug":"recurso-humano-suministro-de-insumos-e-infraestructura-sustentan-expansion-de-barrio-adentro","status":"publish","type":"post","link":"https:\/\/www.espromedbio.gob.ve\/inicio\/recurso-humano-suministro-de-insumos-e-infraestructura-sustentan-expansion-de-barrio-adentro\/","title":{"rendered":"Recurso humano, suministro de insumos e infraestructura sustentan expansi\u00f3n de Barrio Adentro"},"content":{"rendered":"<div class=\"cuerpo\">\n<div>\n<p style=\"text-align: justify;\"><strong>Caracas, 20 Abr. Cortes\u00eda AVN.-<\/strong> El fortalecimiento del personal m\u00e9dico, la dotaci\u00f3n de insumos y la ubicaci\u00f3n de espacios para ofrecer asistencia son los ejes del plan de expansi\u00f3n de Barrio Adentro, que prev\u00e9 llevar de 82% a 100% su cobertura en todo el pa\u00eds.<\/p>\n<p style=\"text-align: justify;\">\n<\/div>\n<\/div>\n<p style=\"text-align: justify;\"><!--more--><\/p>\n<p style=\"text-align: justify;\">Luisana Melo, ministra del Poder Popular para la Salud, indic\u00f3 que dicho plan trasciende la idea de establecimientos m\u00e9dicos, pues el objetivo es brindar asistencia total en \u00e1reas como vacunaci\u00f3n o atenci\u00f3n a mujeres embarazadas.<\/p>\n<p style=\"text-align: justify;\">Desde un centro asistencial de Barrio Adentro en La Vega, Caracas, donde ofreci\u00f3 un balance de la misi\u00f3n junto al vicepresidente del \u00c1rea Social, Jorge Arreaza, la ministra explic\u00f3 que en la expansi\u00f3n de esta pol\u00edtica p\u00fablica juegan un rol clave las \u00c1reas de Salud Integral Comunitaria (Asic), que hasta el momento suman 590.<\/p>\n<p style=\"text-align: justify;\">En dichos espacios, con la participaci\u00f3n del pueblo venezolano, conviven los consultorios populares, ambulatorios de red convencional, las misiones y grandes misiones, en el entendido de que la salud \u00abtiene que ver con la calidad de vida, con el buen vivir, de forma tal que cuando hablamos de vivienda digna y las inversiones que se hacen, estamos hablando de salud\u00bb, como ocurre en otros \u00e1mbitos como la educaci\u00f3n, refiri\u00f3 Melo.<\/p>\n<p style=\"text-align: justify;\">El prop\u00f3sito es atender m\u00e1s de mil zonas de silencio o \u00e1reas a donde no ha llegado a\u00fan esta pol\u00edtica de salud. Incluyen tanto a zonas populares como a comunidades de la clase media.<\/p>\n<p style=\"text-align: justify;\">\u00abCuando hablamos de 100% de cobertura estamos diciendo que vamos a garantizarle la salud a toda la poblaci\u00f3n venezolana\u00bb, con los criterios de \u00abuniversalidad, es decir, a todas y todos; integralidad, con los servicios necesarios para la restituci\u00f3n de la salud, y con equidad\u00bb, indic\u00f3 la ministra.<\/p>\n<p style=\"text-align: justify;\">El plan de expansi\u00f3n potenciar\u00e1 el amplio alcance que ya tiene Barrio Adentro, que en sus 13 a\u00f1os ha brindado 761.482.951 consultas al pueblo venezolano y ha salvado 1.458.339 vidas de personas que afrontaron cuadros de salud cr\u00edticos.<\/p>\n<p style=\"text-align: justify;\">Esta asistencia se ha logrado con 12.097 consultorios m\u00e9dicos populares, 572 Centros de Diagn\u00f3stico Integral (CDI), 587 Salas de Rehabilitaci\u00f3n Integral (SRI) y 330 \u00f3pticas populares.<\/p>\n<p style=\"text-align: justify;\">Toda esta labor est\u00e1 soportada por m\u00e1s de 20.000 m\u00e9dicos integrales comunitarios -de ellos, 10 mil cursan postgrado- y 2000 profesionales de la salud procedentes de universidades p\u00fablicas, que comparten su labor con colaboradores cubanos, que en 13 a\u00f1os suman 124.124.<\/p>\n<p style=\"text-align: justify;\">Barrio Adentro, indic\u00f3 Arreaza, \u00abes vida para el pueblo, que gracias a la Revoluci\u00f3n Bolivariana\u00bb y al compromiso del presidente Nicol\u00e1s Maduro de invertir en la salud del pueblo, impulsa un sistema que no solo integra centros asistenciales, sino tambi\u00e9n al sistema de misiones y grandes misiones, \u00abporque salud no es solo el m\u00e9dico, no solo es la medicina curativa. La salud es la prevenci\u00f3n y est\u00e1 en todas partes\u00bb.\u00a0<strong>AVN<\/strong><\/p>\n","protected":false},"excerpt":{"rendered":"<p>Caracas, 20 Abr. Cortes\u00eda AVN.- El fortalecimiento del personal m\u00e9dico, la dotaci\u00f3n de insumos y la ubicaci\u00f3n de espacios para ofrecer asistencia son los ejes del plan de expansi\u00f3n de Barrio Adentro, que prev\u00e9 llevar de 82% a 100% su cobertura en todo el pa\u00eds.<\/p>\n","protected":false},"author":3,"featured_media":2787,"comment_status":"closed","ping_status":"closed","sticky":false,"template":"","format":"standard","meta":[],"categories":[21,2],"tags":[102,83,97,60,66],"_links":{"self":[{"href":"https:\/\/www.espromedbio.gob.ve\/inicio\/wp-json\/wp\/v2\/posts\/2786"}],"collection":[{"href":"https:\/\/www.espromedbio.gob.ve\/inicio\/wp-json\/wp\/v2\/posts"}],"about":[{"href":"https:\/\/www.espromedbio.gob.ve\/inicio\/wp-json\/wp\/v2\/types\/post"}],"author":[{"embeddable":true,"href":"https:\/\/www.espromedbio.gob.ve\/inicio\/wp-json\/wp\/v2\/users\/3"}],"replies":[{"embeddable":true,"href":"https:\/\/www.espromedbio.gob.ve\/inicio\/wp-json\/wp\/v2\/comments?post=2786"}],"version-history":[{"count":1,"href":"https:\/\/www.espromedbio.gob.ve\/inicio\/wp-json\/wp\/v2\/posts\/2786\/revisions"}],"predecessor-version":[{"id":2788,"href":"https:\/\/www.espromedbio.gob.ve\/inicio\/wp-json\/wp\/v2\/posts\/2786\/revisions\/2788"}],"wp:featuredmedia":[{"embeddable":true,"href":"https:\/\/www.espromedbio.gob.ve\/inicio\/wp-json\/wp\/v2\/media\/2787"}],"wp:attachment":[{"href":"https:\/\/www.espromedbio.gob.ve\/inicio\/wp-json\/wp\/v2\/media?parent=2786"}],"wp:term":[{"taxonomy":"category","embeddable":true,"href":"https:\/\/www.espromedbio.gob.ve\/inicio\/wp-json\/wp\/v2\/categories?post=2786"},{"taxonomy":"post_tag","embeddable":true,"href":"https:\/\/www.espromedbio.gob.ve\/inicio\/wp-json\/wp\/v2\/tags?post=2786"}],"curies":[{"name":"wp","href":"https:\/\/api.w.org\/{rel}","templated":true}]}}