{"id":2792,"date":"2016-04-21T13:11:23","date_gmt":"2016-04-21T17:41:23","guid":{"rendered":"http:\/\/espromedbio.gob.ve\/?p=2792"},"modified":"2016-04-21T13:11:23","modified_gmt":"2016-04-21T17:41:23","slug":"barrio-adentro-lograra-en-portuguesa-100-de-atencion-primaria-con-24-nuevos-consultorios","status":"publish","type":"post","link":"https:\/\/www.espromedbio.gob.ve\/inicio\/barrio-adentro-lograra-en-portuguesa-100-de-atencion-primaria-con-24-nuevos-consultorios\/","title":{"rendered":"Barrio Adentro lograr\u00e1 en Portuguesa 100% de atenci\u00f3n primaria con 24 nuevos consultorios"},"content":{"rendered":"<div class=\"cuerpo\">\n<div>\n<p style=\"text-align: justify;\"><strong>Guanare, 20 Abr. Cortes\u00eda AVN.-<\/strong> Un total de 24 consultorios m\u00e9dicos populares activar\u00e1 la Misi\u00f3n Barrio Adentro en el estado Portuguesa, para ampliar la cobertura m\u00e9dica integral y \u00aben uno o dos meses decretar en nuestro estado el 100% de atenci\u00f3n primaria en salud\u00bb, inform\u00f3 el gobernador de la entidad llanera, Reinaldo Casta\u00f1eda.<\/p>\n<\/div>\n<\/div>\n<p style=\"text-align: justify;\"><!--more--><\/p>\n<p style=\"text-align: justify;\">Indic\u00f3 que estos centros prestar\u00e1n servicio en \u00abzonas de silencio\u00bb o sectores con dificultades de acceso en los que todav\u00eda no hay cobertura en salud.<\/p>\n<p style=\"text-align: justify;\">Casta\u00f1eda precis\u00f3 que Barrio Adentro cubre actualmente 84% de la poblaci\u00f3n portuguese\u00f1a y con la puesta en servicio de 24 nuevos consultorios atender\u00e1 al 16% restante.<\/p>\n<p style=\"text-align: justify;\">Avanzar hacia el 100% de cobertura implica garantizar la prestaci\u00f3n del servicio m\u00e9dico-asistencial en las propias comunidades y optimizarla a trav\u00e9s de un programa social que protege el acceso universal a la salud y \u00abdesde cada espacio de salud acercar la medicina a nuestro pueblo\u00bb.<\/p>\n<p style=\"text-align: justify;\">Refiri\u00f3 que en sus primeros 13 a\u00f1os, la Misi\u00f3n Barrio Adentro logr\u00f3 la meta de conformar en Portuguesa 21 \u00c1reas de Salud Integral Comunitaria (Asic), escenarios geoterritoriales de salud en los que la poblaci\u00f3n recibe asistencia primaria, especializada y hospitalaria, as\u00ed como atenci\u00f3n en odontolog\u00eda y oftalmolog\u00eda.<\/p>\n<p style=\"text-align: justify;\">Cada Asic est\u00e1 integrada por un consultorio popular, un ambulatorio, un Centro de Diagn\u00f3stico Integral (CDI), una Sala de Rehabilitaci\u00f3n Integral (SRI) y un hospital territorialmente cercano.<\/p>\n<p style=\"text-align: justify;\">La activaci\u00f3n de estos 24 nuevos consultorios m\u00e9dicos populares en Portuguesa comenz\u00f3 este fin de semana con la inauguraci\u00f3n de un centro de salud para 380 familias de la zona alta del estado. El recinto se ubica en el sector Colinas de Valle Alto de Biscucuy, municipio Sucre, y se suma a la red de 225 consultorios m\u00e9dicos populares que operan en la entidad.\u00a0<strong>AVN<\/strong><\/p>\n","protected":false},"excerpt":{"rendered":"<p>Guanare, 20 Abr. Cortes\u00eda AVN.- Un total de 24 consultorios m\u00e9dicos populares activar\u00e1 la Misi\u00f3n Barrio Adentro en el estado Portuguesa, para ampliar la cobertura m\u00e9dica integral y \u00aben uno o dos meses decretar en nuestro estado el 100% de atenci\u00f3n primaria en salud\u00bb, inform\u00f3 el gobernador de la entidad llanera, Reinaldo Casta\u00f1eda.<\/p>\n","protected":false},"author":3,"featured_media":2793,"comment_status":"closed","ping_status":"closed","sticky":false,"template":"","format":"standard","meta":[],"categories":[21,2],"tags":[83,60,66],"_links":{"self":[{"href":"https:\/\/www.espromedbio.gob.ve\/inicio\/wp-json\/wp\/v2\/posts\/2792"}],"collection":[{"href":"https:\/\/www.espromedbio.gob.ve\/inicio\/wp-json\/wp\/v2\/posts"}],"about":[{"href":"https:\/\/www.espromedbio.gob.ve\/inicio\/wp-json\/wp\/v2\/types\/post"}],"author":[{"embeddable":true,"href":"https:\/\/www.espromedbio.gob.ve\/inicio\/wp-json\/wp\/v2\/users\/3"}],"replies":[{"embeddable":true,"href":"https:\/\/www.espromedbio.gob.ve\/inicio\/wp-json\/wp\/v2\/comments?post=2792"}],"version-history":[{"count":2,"href":"https:\/\/www.espromedbio.gob.ve\/inicio\/wp-json\/wp\/v2\/posts\/2792\/revisions"}],"predecessor-version":[{"id":2795,"href":"https:\/\/www.espromedbio.gob.ve\/inicio\/wp-json\/wp\/v2\/posts\/2792\/revisions\/2795"}],"wp:featuredmedia":[{"embeddable":true,"href":"https:\/\/www.espromedbio.gob.ve\/inicio\/wp-json\/wp\/v2\/media\/2793"}],"wp:attachment":[{"href":"https:\/\/www.espromedbio.gob.ve\/inicio\/wp-json\/wp\/v2\/media?parent=2792"}],"wp:term":[{"taxonomy":"category","embeddable":true,"href":"https:\/\/www.espromedbio.gob.ve\/inicio\/wp-json\/wp\/v2\/categories?post=2792"},{"taxonomy":"post_tag","embeddable":true,"href":"https:\/\/www.espromedbio.gob.ve\/inicio\/wp-json\/wp\/v2\/tags?post=2792"}],"curies":[{"name":"wp","href":"https:\/\/api.w.org\/{rel}","templated":true}]}}