{"id":2814,"date":"2016-04-25T13:21:07","date_gmt":"2016-04-25T17:51:07","guid":{"rendered":"http:\/\/espromedbio.gob.ve\/?p=2814"},"modified":"2016-04-25T13:21:07","modified_gmt":"2016-04-25T17:51:07","slug":"afinan-detalles-para-la-activacion-del-motor-farmaceutico-y-reimpulso-de-farmapatria","status":"publish","type":"post","link":"https:\/\/www.espromedbio.gob.ve\/inicio\/afinan-detalles-para-la-activacion-del-motor-farmaceutico-y-reimpulso-de-farmapatria\/","title":{"rendered":"Afinan detalles para la activaci\u00f3n del Motor Farmac\u00e9utico y reimpulso de Farmapatria"},"content":{"rendered":"<p style=\"text-align: center;\">As\u00ed se dio a conocer a trav\u00e9s de la cuenta oficial twitter del despacho de la Vicepresidencia de la Rep\u00fablica, @ViceVenezuela, a trav\u00e9s de la cual se ofrecieron detalles y fotograf\u00edas sobre el encuentro<\/p>\n<p style=\"text-align: justify;\"><b>Caracas, 25 de abril de 2016<\/b>. <strong>Cortes\u00eda VTV.-<\/strong> Este lunes, el Vicepresidente de la Rep\u00fablica, Arist\u00f3bulo Ist\u00fariz, encabez\u00f3 una reuni\u00f3n convocada por el Estado Mayor de Salud para la activaci\u00f3n del Motor Farmac\u00e9utico as\u00ed como para definir acciones para el reimpulso del Sistema Farmapatria.<!--more--><\/p>\n<p style=\"text-align: justify;\">As\u00ed se dio a conocer a\u00a0 trav\u00e9s de la cuenta oficial twitter del despacho de la Vicepresidencia de la Rep\u00fablica, @ViceVenezuela, en la cual se ofrecieron detalles y fotograf\u00edas sobre el encuentro al que tambi\u00e9n asistieron el Vicepresidente para el Desarrollo Social y la Revoluci\u00f3n de las Misiones, Jorge Arreaza y la Ministra de Salud, Luisana Melo.<\/p>\n<p style=\"text-align: justify;\">El objetivo principal de la cita fue afinar detalles y estrategias para la puesta en marcha del mencionado motor el cual impulsar\u00e1 el \u201cfortalecimiento de la producci\u00f3n y distribuci\u00f3n de medicamentos\u201d.<\/p>\n<p style=\"text-align: justify;\"><b>M\u00f3dulos de Barrio Adentro al 100%<\/b><\/p>\n<p style=\"text-align: justify;\">Durante la misma reuni\u00f3n los encargados de salud y\u00a0 desarrollo social, anunciaron que los \u201cM\u00f3dulos de Barrio Adentro se ampliar\u00e1n a consultorios integrales en Barrio Adentro100%\u201d, esto como parte de la nueva etapa de este programa masivo de salud adelantado por el Gobierno Nacional.<\/p>\n<p style=\"text-align: justify;\">Esta informaci\u00f3n tambi\u00e9n fue difundida por la cuenta oficial Twitter del Despacho de la Vicepresidencia de la Rep\u00fablica, @ViceVenezuela.<\/p>\n<p style=\"text-align: justify;\"><b>Llegan medicamentos y material m\u00e9dico quir\u00fargico<\/b><\/p>\n<p style=\"text-align: justify;\">En declaraci\u00f3n a los medios, Arreaza indic\u00f3 que actualmente est\u00e1n arribando a los puertos del pa\u00eds un buen lote de unidades de medicamentos y material m\u00e9dico quir\u00fargico para el Sistema P\u00fablico Nacional de Salud.<\/p>\n<p style=\"text-align: justify;\"><b>Reimpulso de Farmapatria<\/b><\/p>\n<p style=\"text-align: justify;\">Por otra parte y dentro del reimpulso del sistema de distribuci\u00f3n de medicamentos del pa\u00eds, se tiene prevista la inauguraci\u00f3n de 17 nuevos establecimientos del Sistema Farmapatria en varias zonas de la geograf\u00eda nacional, de los cuales 6 ya est\u00e1n listos para ser puestos en funcionamiento.<\/p>\n<p style=\"text-align: justify;\">A lo que agreg\u00f3 que \u201cFarmapatria tiene la capacidad de convertirse en droguer\u00edas, es decir, distribuidoras de medicamentos. Ser\u00eda la distribuidora del Estado, la m\u00e1s importante, para fortalecer no solo a las Farmapatria sino tambi\u00e9n a las redes del sector privado y las farmacias independientes de dif\u00edcil acceso\u201d, asegur\u00f3. <strong>VTV<\/strong><\/p>\n<p style=\"text-align: justify;\">\n","protected":false},"excerpt":{"rendered":"<p>As\u00ed se dio a conocer a trav\u00e9s de la cuenta oficial twitter del despacho de la Vicepresidencia de la Rep\u00fablica, @ViceVenezuela, a trav\u00e9s de la cual se ofrecieron detalles y fotograf\u00edas sobre el encuentro Caracas, 25 de abril de 2016. Cortes\u00eda VTV.- Este lunes, el Vicepresidente de la Rep\u00fablica, Arist\u00f3bulo Ist\u00fariz, encabez\u00f3 una reuni\u00f3n convocada [&hellip;]<\/p>\n","protected":false},"author":3,"featured_media":2815,"comment_status":"closed","ping_status":"closed","sticky":false,"template":"","format":"standard","meta":[],"categories":[21,2],"tags":[102,38,97],"_links":{"self":[{"href":"https:\/\/www.espromedbio.gob.ve\/inicio\/wp-json\/wp\/v2\/posts\/2814"}],"collection":[{"href":"https:\/\/www.espromedbio.gob.ve\/inicio\/wp-json\/wp\/v2\/posts"}],"about":[{"href":"https:\/\/www.espromedbio.gob.ve\/inicio\/wp-json\/wp\/v2\/types\/post"}],"author":[{"embeddable":true,"href":"https:\/\/www.espromedbio.gob.ve\/inicio\/wp-json\/wp\/v2\/users\/3"}],"replies":[{"embeddable":true,"href":"https:\/\/www.espromedbio.gob.ve\/inicio\/wp-json\/wp\/v2\/comments?post=2814"}],"version-history":[{"count":1,"href":"https:\/\/www.espromedbio.gob.ve\/inicio\/wp-json\/wp\/v2\/posts\/2814\/revisions"}],"predecessor-version":[{"id":2816,"href":"https:\/\/www.espromedbio.gob.ve\/inicio\/wp-json\/wp\/v2\/posts\/2814\/revisions\/2816"}],"wp:featuredmedia":[{"embeddable":true,"href":"https:\/\/www.espromedbio.gob.ve\/inicio\/wp-json\/wp\/v2\/media\/2815"}],"wp:attachment":[{"href":"https:\/\/www.espromedbio.gob.ve\/inicio\/wp-json\/wp\/v2\/media?parent=2814"}],"wp:term":[{"taxonomy":"category","embeddable":true,"href":"https:\/\/www.espromedbio.gob.ve\/inicio\/wp-json\/wp\/v2\/categories?post=2814"},{"taxonomy":"post_tag","embeddable":true,"href":"https:\/\/www.espromedbio.gob.ve\/inicio\/wp-json\/wp\/v2\/tags?post=2814"}],"curies":[{"name":"wp","href":"https:\/\/api.w.org\/{rel}","templated":true}]}}