{"id":2845,"date":"2016-04-28T12:54:18","date_gmt":"2016-04-28T17:24:18","guid":{"rendered":"http:\/\/espromedbio.gob.ve\/?p=2845"},"modified":"2016-04-28T12:54:18","modified_gmt":"2016-04-28T17:24:18","slug":"presidente-maduro-pide-al-pueblo-repudiar-actos-violentos-con-fines-desestabilizadores","status":"publish","type":"post","link":"https:\/\/www.espromedbio.gob.ve\/inicio\/presidente-maduro-pide-al-pueblo-repudiar-actos-violentos-con-fines-desestabilizadores\/","title":{"rendered":"Presidente Maduro pide al pueblo repudiar actos violentos con fines desestabilizadores"},"content":{"rendered":"<p style=\"text-align: justify;\"><b>Caracas, 28 de abril de 2016. Cortes\u00eda VTV &#8211;<\/b> El presidente de la Rep\u00fablica Bolivariana de Venezuela, <b>Nicol\u00e1s Maduro Moros<\/b>, llam\u00f3 a que el pueblo repudie a los violentos y \u00e9stos vayan a la c\u00e1rcel, al referirse a quienes generaron las protestas, este lunes y martes, en Maracaibo.<!--more--><\/p>\n<div class=\"article-body\" style=\"text-align: justify;\">\n<p>Desde el Teatro de la Academia Militar en donde encabez\u00f3 conversatorio con los Comit\u00e9s Locales de Abastecimiento y Producci\u00f3n (CLAP), Maduro expres\u00f3: \u201cLlamo a que el pueblo repudie a los violentos y estos vayan presos\u2026 en primer lugar, llamo al pueblo, a la Fuerza Armada Nacional Bolivariana (FANB), a los gobernadores\u201d.<\/p>\n<p>En estos actos vand\u00e1licos protagonizados por el fascismo resultaron afectadas unidades de autobuseras \u00a0que forman parte de la Misi\u00f3n Transporte.<\/p>\n<p>Estos veh\u00edculos fueron quemados, sin ninguna compasi\u00f3n. Ante el escenario, el presidente Maduro pregunt\u00f3: \u00bfQui\u00e9n se sube a estos autobuses?, \u201cen esos autobuses se sube la se\u00f1ora que lleva su ni\u00f1o a clase y la abuelita que no cancela nada\u2026 se sube el estudiante que paga su mitad de pasaje o quiz\u00e1s nada\u201d, dijo a manera de reflexi\u00f3n.<\/p>\n<p>Cotej\u00f3 lo sucedido con el modus operandi que implementado por \u00c1lvaro Uribe en Colombia. \u201cUn grupo una acci\u00f3n comando, tipo Uribe\u2026 En Medell\u00edn se hicieron cosas similares\u201d, a las ocurridas en la capital zuliana.<\/p>\n<p>A los presentes les consult\u00f3: \u201c\u00bfDebemos salir a apoyar que quemen los autobuses de la Misi\u00f3n Transporte?. Es lo que quiere Ramos Allup. \u00a0Creen que con esa violencia van a confundir al pueblo de Venezuela. Aqu\u00ed no se confunde, ni se rinde nadie\u201d.<\/p>\n<p>El Presidente es el m\u00e1ximo garante de llevarle el poder al pueblo, por eso \u201cllevo el poder de la Patria por todos\u2026 Mi labor es llevar el poder y darle el poder a quienes tienen que tenerlo, en este caso, el poder econ\u00f3mico\u201d.<b> \/ ZGM\/<\/b><strong>VTV \/ Minci<\/strong><\/p>\n<\/div>\n<div class=\"author\" style=\"text-align: justify;\"><\/div>\n<div class=\"author\" style=\"text-align: justify;\"><\/div>\n<div class=\"author\" style=\"text-align: justify;\"><\/div>\n<div class=\"author\" style=\"text-align: justify;\"><\/div>\n<div class=\"author\" style=\"text-align: justify;\"><\/div>\n<div class=\"author\" style=\"text-align: justify;\"><\/div>\n<div class=\"author\" style=\"text-align: justify;\"><\/div>\n<div class=\"author\" style=\"text-align: justify;\"><\/div>\n<div class=\"author\" style=\"text-align: justify;\"><\/div>\n<div class=\"author\" style=\"text-align: justify;\"><\/div>\n<div class=\"author\" style=\"text-align: justify;\"><\/div>\n<div class=\"author\" style=\"text-align: justify;\"><\/div>\n<p style=\"text-align: justify;\">\n","protected":false},"excerpt":{"rendered":"<p>Caracas, 28 de abril de 2016. Cortes\u00eda VTV &#8211; El presidente de la Rep\u00fablica Bolivariana de Venezuela, Nicol\u00e1s Maduro Moros, llam\u00f3 a que el pueblo repudie a los violentos y \u00e9stos vayan a la c\u00e1rcel, al referirse a quienes generaron las protestas, este lunes y martes, en Maracaibo.<\/p>\n","protected":false},"author":3,"featured_media":2846,"comment_status":"closed","ping_status":"closed","sticky":false,"template":"","format":"standard","meta":[],"categories":[21,2],"tags":[23],"_links":{"self":[{"href":"https:\/\/www.espromedbio.gob.ve\/inicio\/wp-json\/wp\/v2\/posts\/2845"}],"collection":[{"href":"https:\/\/www.espromedbio.gob.ve\/inicio\/wp-json\/wp\/v2\/posts"}],"about":[{"href":"https:\/\/www.espromedbio.gob.ve\/inicio\/wp-json\/wp\/v2\/types\/post"}],"author":[{"embeddable":true,"href":"https:\/\/www.espromedbio.gob.ve\/inicio\/wp-json\/wp\/v2\/users\/3"}],"replies":[{"embeddable":true,"href":"https:\/\/www.espromedbio.gob.ve\/inicio\/wp-json\/wp\/v2\/comments?post=2845"}],"version-history":[{"count":1,"href":"https:\/\/www.espromedbio.gob.ve\/inicio\/wp-json\/wp\/v2\/posts\/2845\/revisions"}],"predecessor-version":[{"id":2847,"href":"https:\/\/www.espromedbio.gob.ve\/inicio\/wp-json\/wp\/v2\/posts\/2845\/revisions\/2847"}],"wp:featuredmedia":[{"embeddable":true,"href":"https:\/\/www.espromedbio.gob.ve\/inicio\/wp-json\/wp\/v2\/media\/2846"}],"wp:attachment":[{"href":"https:\/\/www.espromedbio.gob.ve\/inicio\/wp-json\/wp\/v2\/media?parent=2845"}],"wp:term":[{"taxonomy":"category","embeddable":true,"href":"https:\/\/www.espromedbio.gob.ve\/inicio\/wp-json\/wp\/v2\/categories?post=2845"},{"taxonomy":"post_tag","embeddable":true,"href":"https:\/\/www.espromedbio.gob.ve\/inicio\/wp-json\/wp\/v2\/tags?post=2845"}],"curies":[{"name":"wp","href":"https:\/\/api.w.org\/{rel}","templated":true}]}}