{"id":2874,"date":"2016-04-29T13:28:36","date_gmt":"2016-04-29T17:58:36","guid":{"rendered":"http:\/\/espromedbio.gob.ve\/?p=2874"},"modified":"2016-04-29T13:28:36","modified_gmt":"2016-04-29T17:58:36","slug":"festival-viva-la-danza-rendira-homenaje-a-la-coreografa-venezolana-yolanda-moreno","status":"publish","type":"post","link":"https:\/\/www.espromedbio.gob.ve\/inicio\/festival-viva-la-danza-rendira-homenaje-a-la-coreografa-venezolana-yolanda-moreno\/","title":{"rendered":"Festival Viva la Danza rendir\u00e1 homenaje a la core\u00f3grafa venezolana Yolanda Moreno"},"content":{"rendered":"<p style=\"text-align: center;\">La actividad tendr\u00e1 como invitados especiales a la Academia Jean Piaget; la agrupaci\u00f3n infantil Ni\u00f1os Cantores Nuevo Mundo; y Danzas Venezuela, la escuela de la Maestra Yolanda Moreno<\/p>\n<p style=\"text-align: justify;\"><b>Caracas, 29 de abril de 2016<\/b>.<strong> Cortes\u00eda VTV.-<\/strong> Este viernes 29 de abril, D\u00eda Internacional de la Danza, culmina el \u201cFestival Viva la Danza\u201d que se realiz\u00f3 en la sala Juana Sujo de la Casa del Artista durante todo el mes de abril, con el fin de mostrar al pa\u00eds todo el talento, el tes\u00f3n, la dedicaci\u00f3n y el trabajo de las agrupaciones que hacen vida en torno a la danza y el baile en las diferentes regiones de Venezuela.<!--more--><\/p>\n<p style=\"text-align: justify;\">En ese sentido se efectuar\u00e1, a las partir de las 4:00 p. m., un homenaje a la maestra Yolanda Moreno, Premio Nacional de Cultura (1995). La actividad tendr\u00e1 como invitados especiales a la Academia Jean Piaget; la agrupaci\u00f3n infantil Ni\u00f1os Cantores Nuevo Mundo; y Danzas Venezuela, la escuela de la Maestra Yolanda Moreno.<\/p>\n<p style=\"text-align: justify;\">La compa\u00f1\u00eda de Danza Jean Piaget profesionaliza ni\u00f1as desde los cuatro a\u00f1os en el campo de la danza, es un ejemplo de empe\u00f1o y dedicaci\u00f3n para la formaci\u00f3n de estas ni\u00f1as, quienes reciben clases de danza cl\u00e1sica, danza contempor\u00e1nea y gimnasia r\u00edtmica. La instituci\u00f3n se encarga educar a seres humanos capaces, pensantes, sensibles, aut\u00f3nomos, cr\u00edticos y reflexivos.<\/p>\n<p style=\"text-align: justify;\">La agrupaci\u00f3n infantil Ni\u00f1os Cantores Nuevo Mundo cuenta actualmente con m\u00e1s de doscientos bailarines, dirigidos por la profesora Maril\u00fa Gil. Naci\u00f3 hace casi diez a\u00f1os como un grupo en la Unidad Educativa Nuevo Mundo de San F\u00e9lix, estado Bol\u00edvar, y poco a poco fue creciendo. En diversas ocasiones han representado la regi\u00f3n en actividades y festivales, su especialidad es la danza nacionalista \u2014una mezcla de las costumbres que han dejado nuestros ancestros en la historia danc\u00edstica\u2014 llegando a interpretar, igualmente, multiplicidad de bailes tradicionalistas.<\/p>\n<p style=\"text-align: justify;\">La Academia Danzas Venezuela tiene m\u00e1s de cuarenta a\u00f1os dedicada a fomentar la danza nacionalista de corte teatral. Desde que Yolanda Moreno asumi\u00f3 la direcci\u00f3n de Danzas Venezuela se dedic\u00f3 a realzar dos tipos de danza: la expresiva y la argumental. La primera es enunciativa y puede exponer movimientos alegres o tristes. La segunda tiene como base la trama inspirada en leyendas. Es la responsable de consagrar lo que hoy se conoce como danza nacionalista, ense\u00f1a la danza sin imitarla porque al sacarla de su entorno y llevarla al escenario perder\u00eda su natural esencia tradicionalista. \u201cYo me nutro del folclore, de no ser as\u00ed no existir\u00eda la danza y por eso mi danza se llama nacionalista. En donde quiera que se presenta Danzas Venezuela es una bandera que se alza\u201d, afirma Moreno.\u00a0<strong>JB<\/strong><\/p>\n","protected":false},"excerpt":{"rendered":"<p>La actividad tendr\u00e1 como invitados especiales a la Academia Jean Piaget; la agrupaci\u00f3n infantil Ni\u00f1os Cantores Nuevo Mundo; y Danzas Venezuela, la escuela de la Maestra Yolanda Moreno Caracas, 29 de abril de 2016. Cortes\u00eda VTV.- Este viernes 29 de abril, D\u00eda Internacional de la Danza, culmina el \u201cFestival Viva la Danza\u201d que se realiz\u00f3 [&hellip;]<\/p>\n","protected":false},"author":3,"featured_media":2875,"comment_status":"closed","ping_status":"closed","sticky":false,"template":"","format":"standard","meta":[],"categories":[21,2],"tags":[24],"_links":{"self":[{"href":"https:\/\/www.espromedbio.gob.ve\/inicio\/wp-json\/wp\/v2\/posts\/2874"}],"collection":[{"href":"https:\/\/www.espromedbio.gob.ve\/inicio\/wp-json\/wp\/v2\/posts"}],"about":[{"href":"https:\/\/www.espromedbio.gob.ve\/inicio\/wp-json\/wp\/v2\/types\/post"}],"author":[{"embeddable":true,"href":"https:\/\/www.espromedbio.gob.ve\/inicio\/wp-json\/wp\/v2\/users\/3"}],"replies":[{"embeddable":true,"href":"https:\/\/www.espromedbio.gob.ve\/inicio\/wp-json\/wp\/v2\/comments?post=2874"}],"version-history":[{"count":1,"href":"https:\/\/www.espromedbio.gob.ve\/inicio\/wp-json\/wp\/v2\/posts\/2874\/revisions"}],"predecessor-version":[{"id":2876,"href":"https:\/\/www.espromedbio.gob.ve\/inicio\/wp-json\/wp\/v2\/posts\/2874\/revisions\/2876"}],"wp:featuredmedia":[{"embeddable":true,"href":"https:\/\/www.espromedbio.gob.ve\/inicio\/wp-json\/wp\/v2\/media\/2875"}],"wp:attachment":[{"href":"https:\/\/www.espromedbio.gob.ve\/inicio\/wp-json\/wp\/v2\/media?parent=2874"}],"wp:term":[{"taxonomy":"category","embeddable":true,"href":"https:\/\/www.espromedbio.gob.ve\/inicio\/wp-json\/wp\/v2\/categories?post=2874"},{"taxonomy":"post_tag","embeddable":true,"href":"https:\/\/www.espromedbio.gob.ve\/inicio\/wp-json\/wp\/v2\/tags?post=2874"}],"curies":[{"name":"wp","href":"https:\/\/api.w.org\/{rel}","templated":true}]}}