{"id":3037,"date":"2016-05-26T14:38:58","date_gmt":"2016-05-26T19:08:58","guid":{"rendered":"http:\/\/espromedbio.gob.ve\/?p=3037"},"modified":"2016-05-26T14:38:58","modified_gmt":"2016-05-26T19:08:58","slug":"maduro-recibe-marcha-de-estudiantes-revolucionarios-en-miraflores","status":"publish","type":"post","link":"https:\/\/www.espromedbio.gob.ve\/inicio\/maduro-recibe-marcha-de-estudiantes-revolucionarios-en-miraflores\/","title":{"rendered":"Maduro recibe marcha de estudiantes revolucionarios en Miraflores"},"content":{"rendered":"<p style=\"text-align: center;\">\u00abLa Universidad Defiende la Patria\u00bb<\/p>\n<p style=\"text-align: justify;\"><strong>Caracas, 26.05.16 (Cortes\u00eda Correo del Orinoco).-<\/strong> El presidente de la Rep\u00fablica Bolivariana de Venezuela, Nicol\u00e1s Maduro, recibe la tarde de este jueves en el Palacio de Miraflores, la marcha de estudiantes revolucionarios que bajo la consigna \u201cLa Universidad Defiende la Patria\u201d colm\u00f3 las calles de Caracas desde tempranas horas.<!--more--><\/p>\n<p style=\"text-align: justify;\">El sector estudiantil reafirma su apoyo a las pol\u00edticas educativas impulsadas por el Gobierno Bolivariano y los logros alcanzados durante estos 17 a\u00f1os.<\/p>\n<p style=\"text-align: center;\">\n","protected":false},"excerpt":{"rendered":"<p>\u00abLa Universidad Defiende la Patria\u00bb Caracas, 26.05.16 (Cortes\u00eda Correo del Orinoco).- El presidente de la Rep\u00fablica Bolivariana de Venezuela, Nicol\u00e1s Maduro, recibe la tarde de este jueves en el Palacio de Miraflores, la marcha de estudiantes revolucionarios que bajo la consigna \u201cLa Universidad Defiende la Patria\u201d colm\u00f3 las calles de Caracas desde tempranas horas.<\/p>\n","protected":false},"author":3,"featured_media":3038,"comment_status":"closed","ping_status":"closed","sticky":false,"template":"","format":"standard","meta":[],"categories":[21,2],"tags":[51,23],"_links":{"self":[{"href":"https:\/\/www.espromedbio.gob.ve\/inicio\/wp-json\/wp\/v2\/posts\/3037"}],"collection":[{"href":"https:\/\/www.espromedbio.gob.ve\/inicio\/wp-json\/wp\/v2\/posts"}],"about":[{"href":"https:\/\/www.espromedbio.gob.ve\/inicio\/wp-json\/wp\/v2\/types\/post"}],"author":[{"embeddable":true,"href":"https:\/\/www.espromedbio.gob.ve\/inicio\/wp-json\/wp\/v2\/users\/3"}],"replies":[{"embeddable":true,"href":"https:\/\/www.espromedbio.gob.ve\/inicio\/wp-json\/wp\/v2\/comments?post=3037"}],"version-history":[{"count":1,"href":"https:\/\/www.espromedbio.gob.ve\/inicio\/wp-json\/wp\/v2\/posts\/3037\/revisions"}],"predecessor-version":[{"id":3039,"href":"https:\/\/www.espromedbio.gob.ve\/inicio\/wp-json\/wp\/v2\/posts\/3037\/revisions\/3039"}],"wp:featuredmedia":[{"embeddable":true,"href":"https:\/\/www.espromedbio.gob.ve\/inicio\/wp-json\/wp\/v2\/media\/3038"}],"wp:attachment":[{"href":"https:\/\/www.espromedbio.gob.ve\/inicio\/wp-json\/wp\/v2\/media?parent=3037"}],"wp:term":[{"taxonomy":"category","embeddable":true,"href":"https:\/\/www.espromedbio.gob.ve\/inicio\/wp-json\/wp\/v2\/categories?post=3037"},{"taxonomy":"post_tag","embeddable":true,"href":"https:\/\/www.espromedbio.gob.ve\/inicio\/wp-json\/wp\/v2\/tags?post=3037"}],"curies":[{"name":"wp","href":"https:\/\/api.w.org\/{rel}","templated":true}]}}