{"id":3090,"date":"2016-06-02T11:12:56","date_gmt":"2016-06-02T15:42:56","guid":{"rendered":"http:\/\/espromedbio.gob.ve\/?p=3090"},"modified":"2016-06-02T11:12:56","modified_gmt":"2016-06-02T15:42:56","slug":"maduro-insta-a-la-juventud-a-realizar-una-revolucion-tecnologica-cultural-y-deportiva","status":"publish","type":"post","link":"https:\/\/www.espromedbio.gob.ve\/inicio\/maduro-insta-a-la-juventud-a-realizar-una-revolucion-tecnologica-cultural-y-deportiva\/","title":{"rendered":"Maduro insta a la juventud a realizar una Revoluci\u00f3n tecnol\u00f3gica, cultural y deportiva"},"content":{"rendered":"<p style=\"text-align: justify;\"><strong>Caracas, 1\u00ba.06.2016 (Cortes\u00eda Correo del Orinoco).-<\/strong> El presidente de la Rep\u00fablica Bolivariana de Venezuela, Nicol\u00e1s Maduro, inst\u00f3 este mi\u00e9rcoles a la juventud venezolana a realizar una revoluci\u00f3n tecnol\u00f3gica, cultural y deportiva en todo el pa\u00eds, con la finalidad de dar a conocer los logros de la Revoluci\u00f3n Bolivariana.<!--more--><\/p>\n<p style=\"text-align: justify;\">Record\u00f3 que actualmente el asedio y ataque contra Venezuela es cada vez mayor y los medios de comunicaci\u00f3n, nacionales e internacionales, se prestan para desprestigiar y minimizar las pol\u00edticas implementadas por el Gobierno Bolivariano, raz\u00f3n por la cual exalt\u00f3 la importancia de las redes sociales.<\/p>\n<p style=\"text-align: justify;\">Desde el Palacio de Miraflores, en Caracas, donde recibi\u00f3 la marcha de j\u00f3venes estudiantes que desde tempranas horas de la ma\u00f1ana se movilizaron en la ciudad en apoyo a su gesti\u00f3n y en rechazo a la injerencia imperial, el jefe de Estado detall\u00f3 que este proyecto contiene tres l\u00edneas estrat\u00e9gicas:<\/p>\n<p style=\"text-align: justify;\"><strong>1. <\/strong>Impulsar el \u00e1rea tecnol\u00f3gica a trav\u00e9s de videos de las diversas actividades culturales y deportivas que se realizan en el pa\u00eds. As\u00ed como enviar mensajes sobre la verdad de Venezuela y explicarle al mundo la situaci\u00f3n de los j\u00f3venes universitarios, reivindicados por el proceso socialista.<\/p>\n<p style=\"text-align: justify;\">Este punto tambi\u00e9n consiste en realizar llamadas a las radios comerciales, las cuales se encuentran \u201ccompradas por la oligarqu\u00eda\u201d para exponer los logros y cualidades de las pol\u00edticas implementadas. \u201cQue la verdad de Venezuela corra por todas las redes sociales\u201d, invit\u00f3 Maduro.<\/p>\n<p style=\"text-align: justify;\"><strong>2. <\/strong>Gobierno de Calle Juvenil: busca la activaci\u00f3n, semanal, de los j\u00f3venes de la Patria en las calles a trav\u00e9s de actividades creativas. Consiste en entregar volantes, afiches, cartelones alusivos a las reivindicaciones sociales de la Revoluci\u00f3n Bolivariana en los liceos, universidades, barrios, avenidas, entre otros.<\/p>\n<p style=\"text-align: justify;\">El Mandatario Nacional inst\u00f3 al Frente Francisco de Miranda (FFM), a la Misi\u00f3n Ribas y Sucre, as\u00ed como al ministro del Poder Popular para Juventud y Deporte, Mervin Maldonado, a realizar jornadas integrales de cultura y deporte en todo el territorio nacional, as\u00ed como la redacci\u00f3n de los contenidos a entregar durante el volanteo.<\/p>\n<p style=\"text-align: justify;\"><strong>3.<\/strong> Organizar marchas y movilizaciones de fuerza permanentes con todos los centros educativos y j\u00f3venes de las comunidades.<\/p>\n<p style=\"text-align: justify;\">En este sentido, record\u00f3 que para este s\u00e1bado, el Gran Polo Patri\u00f3tico y el Congreso de la Patria organizaron una movilizaci\u00f3n nacional contra el abuso del secretario General de la Organizaci\u00f3n de los Estados Americanos (OEA), Luis Almagro, al solicitar la Carta Democr\u00e1tica contra Venezuela, as\u00ed como tambi\u00e9n por la defensa de la soberan\u00eda nacional y el derecho a la paz.<\/p>\n<p style=\"text-align: justify;\">Para finalizar, el presidente Maduro exalt\u00f3 la importancia de la conciencia y compromiso de los j\u00f3venes venezolanos para hacerle frente a los ataques de la derecha.\u00a0<strong>T\/Meibert Garc\u00eda\/<\/strong><strong>F\/<a href=\"https:\/\/twitter.com\/PresidencialVen\" target=\"_blank\">@PresidencialVen<\/a><\/strong><\/p>\n","protected":false},"excerpt":{"rendered":"<p>Caracas, 1\u00ba.06.2016 (Cortes\u00eda Correo del Orinoco).- El presidente de la Rep\u00fablica Bolivariana de Venezuela, Nicol\u00e1s Maduro, inst\u00f3 este mi\u00e9rcoles a la juventud venezolana a realizar una revoluci\u00f3n tecnol\u00f3gica, cultural y deportiva en todo el pa\u00eds, con la finalidad de dar a conocer los logros de la Revoluci\u00f3n Bolivariana.<\/p>\n","protected":false},"author":3,"featured_media":3091,"comment_status":"closed","ping_status":"closed","sticky":false,"template":"","format":"standard","meta":[],"categories":[21,2],"tags":[51,23,48],"_links":{"self":[{"href":"https:\/\/www.espromedbio.gob.ve\/inicio\/wp-json\/wp\/v2\/posts\/3090"}],"collection":[{"href":"https:\/\/www.espromedbio.gob.ve\/inicio\/wp-json\/wp\/v2\/posts"}],"about":[{"href":"https:\/\/www.espromedbio.gob.ve\/inicio\/wp-json\/wp\/v2\/types\/post"}],"author":[{"embeddable":true,"href":"https:\/\/www.espromedbio.gob.ve\/inicio\/wp-json\/wp\/v2\/users\/3"}],"replies":[{"embeddable":true,"href":"https:\/\/www.espromedbio.gob.ve\/inicio\/wp-json\/wp\/v2\/comments?post=3090"}],"version-history":[{"count":1,"href":"https:\/\/www.espromedbio.gob.ve\/inicio\/wp-json\/wp\/v2\/posts\/3090\/revisions"}],"predecessor-version":[{"id":3092,"href":"https:\/\/www.espromedbio.gob.ve\/inicio\/wp-json\/wp\/v2\/posts\/3090\/revisions\/3092"}],"wp:featuredmedia":[{"embeddable":true,"href":"https:\/\/www.espromedbio.gob.ve\/inicio\/wp-json\/wp\/v2\/media\/3091"}],"wp:attachment":[{"href":"https:\/\/www.espromedbio.gob.ve\/inicio\/wp-json\/wp\/v2\/media?parent=3090"}],"wp:term":[{"taxonomy":"category","embeddable":true,"href":"https:\/\/www.espromedbio.gob.ve\/inicio\/wp-json\/wp\/v2\/categories?post=3090"},{"taxonomy":"post_tag","embeddable":true,"href":"https:\/\/www.espromedbio.gob.ve\/inicio\/wp-json\/wp\/v2\/tags?post=3090"}],"curies":[{"name":"wp","href":"https:\/\/api.w.org\/{rel}","templated":true}]}}