{"id":3099,"date":"2016-06-03T11:06:02","date_gmt":"2016-06-03T15:36:02","guid":{"rendered":"http:\/\/espromedbio.gob.ve\/?p=3099"},"modified":"2016-06-03T11:06:09","modified_gmt":"2016-06-03T15:36:09","slug":"este-viernes-inicia-el-festival-de-teatro-de-caracas","status":"publish","type":"post","link":"https:\/\/www.espromedbio.gob.ve\/inicio\/este-viernes-inicia-el-festival-de-teatro-de-caracas\/","title":{"rendered":"Este viernes inicia el Festival de Teatro de Caracas"},"content":{"rendered":"<div class=\"article-body\">\n<p style=\"text-align: justify;\"><strong>Caracas, 02 de junio. (Cortes\u00eda VTV).-<\/strong> El Festival de Teatro de Caracas inicia este viernes 3 \u00a0y se extender\u00e1 hasta el 12 de junio con una gala inaugural donde se presentar\u00e1 una versi\u00f3n coreogr\u00e1fica de La\u00a0<b>Cantata Criolla de Antonio Est\u00e9vez<\/b>.<\/p>\n<p style=\"text-align: justify;\">\n<\/div>\n<p style=\"text-align: justify;\"><!--more--><\/p>\n<div class=\"article-body\">\n<p style=\"text-align: justify;\">Este espect\u00e1culo cuenta con la participaci\u00f3n de cerca de 20 artistas de la Compa\u00f1\u00eda Nacional de Danza y los bailarines invitados del Ballet Teatro Teresa Carre\u00f1o y Teresa Danza Contempor\u00e1nea, acompa\u00f1ados por la Orquesta Sinf\u00f3nica Municipal de Caracas (Osmc) y el Coro de \u00d3pera del Teatro Teresa Carre\u00f1o.<\/p>\n<p style=\"text-align: justify;\">La propuesta creativa es una pieza coreogr\u00e1fica de la maestra Mariela Delgado, con direcci\u00f3n art\u00edstica de Fabiola Fazzino mientras que en la direcci\u00f3n musical estar\u00e1 el maestro Rodolfo Saglimbeni.<\/p>\n<p style=\"text-align: justify;\">La Cantata Criolla contar\u00e1 con la participaci\u00f3n de los cantantes l\u00edricos Gaspar Col\u00f3n (Bar\u00edtono), encargado de encarnar al Diablo, y Cristo Vassilaco (Tenor) voz responsable de Florentino mientras que el coro entona el poema: Florentino el que cant\u00f3 con el Diablo, de Alberto Torrealba.<\/p>\n<p style=\"text-align: justify;\">La Cantata Criolla adem\u00e1s de la gala inaugural se presentar\u00e1 el s\u00e1bado 4 y domingo 5 de junio, en la Sala R\u00edos Reyna del Teatro Teresa Carre\u00f1o, a las 5 de la tarde.<\/p>\n<p style=\"text-align: justify;\">En esta versi\u00f3n coreogr\u00e1fica, el viernes 3 y domingo 5 de junio, Florentino ser\u00e1 interpretado por el bailar\u00edn de danza contempor\u00e1nea Franklin Gonz\u00e1lez y el s\u00e1bado 4 de junio, ceder\u00e1 su puesto al bailar\u00edn Jhon Lobo, qui\u00e9n tendr\u00e1 el honor de personificar a este pintoresco personaje de los llanos venezolanos, mientras Armando D\u00edaz representar\u00e1 al Diablo durante los tres d\u00edas de funci\u00f3n.<\/p>\n<p style=\"text-align: justify;\">El Festival de Teatro de Caracas cuenta con la participaci\u00f3n de 120 agrupaciones teatrales y la presentaci\u00f3n de 300 espect\u00e1culos.<\/p>\n<p style=\"text-align: justify;\">Esta edici\u00f3n del festival se llevar\u00e1 a nueve ciudades del pa\u00eds en Anzo\u00e1tegui, Barinas, Lara, M\u00e9rida, Miranda, Portuguesa, Sucre, Yaracuy y Zulia. <strong>\/MQ\/AVN\/VTV<\/strong><\/p>\n<\/div>\n","protected":false},"excerpt":{"rendered":"<p>Caracas, 02 de junio. (Cortes\u00eda VTV).- El Festival de Teatro de Caracas inicia este viernes 3 \u00a0y se extender\u00e1 hasta el 12 de junio con una gala inaugural donde se presentar\u00e1 una versi\u00f3n coreogr\u00e1fica de La\u00a0Cantata Criolla de Antonio Est\u00e9vez.<\/p>\n","protected":false},"author":3,"featured_media":3101,"comment_status":"closed","ping_status":"closed","sticky":false,"template":"","format":"standard","meta":[],"categories":[21,2],"tags":[24],"_links":{"self":[{"href":"https:\/\/www.espromedbio.gob.ve\/inicio\/wp-json\/wp\/v2\/posts\/3099"}],"collection":[{"href":"https:\/\/www.espromedbio.gob.ve\/inicio\/wp-json\/wp\/v2\/posts"}],"about":[{"href":"https:\/\/www.espromedbio.gob.ve\/inicio\/wp-json\/wp\/v2\/types\/post"}],"author":[{"embeddable":true,"href":"https:\/\/www.espromedbio.gob.ve\/inicio\/wp-json\/wp\/v2\/users\/3"}],"replies":[{"embeddable":true,"href":"https:\/\/www.espromedbio.gob.ve\/inicio\/wp-json\/wp\/v2\/comments?post=3099"}],"version-history":[{"count":2,"href":"https:\/\/www.espromedbio.gob.ve\/inicio\/wp-json\/wp\/v2\/posts\/3099\/revisions"}],"predecessor-version":[{"id":3102,"href":"https:\/\/www.espromedbio.gob.ve\/inicio\/wp-json\/wp\/v2\/posts\/3099\/revisions\/3102"}],"wp:featuredmedia":[{"embeddable":true,"href":"https:\/\/www.espromedbio.gob.ve\/inicio\/wp-json\/wp\/v2\/media\/3101"}],"wp:attachment":[{"href":"https:\/\/www.espromedbio.gob.ve\/inicio\/wp-json\/wp\/v2\/media?parent=3099"}],"wp:term":[{"taxonomy":"category","embeddable":true,"href":"https:\/\/www.espromedbio.gob.ve\/inicio\/wp-json\/wp\/v2\/categories?post=3099"},{"taxonomy":"post_tag","embeddable":true,"href":"https:\/\/www.espromedbio.gob.ve\/inicio\/wp-json\/wp\/v2\/tags?post=3099"}],"curies":[{"name":"wp","href":"https:\/\/api.w.org\/{rel}","templated":true}]}}