{"id":3103,"date":"2016-06-03T11:43:03","date_gmt":"2016-06-03T16:13:03","guid":{"rendered":"http:\/\/espromedbio.gob.ve\/?p=3103"},"modified":"2016-06-03T11:43:03","modified_gmt":"2016-06-03T16:13:03","slug":"colombia-y-ee-uu-abren-la-copa-america-centenario-esta-noche-en-california","status":"publish","type":"post","link":"https:\/\/www.espromedbio.gob.ve\/inicio\/colombia-y-ee-uu-abren-la-copa-america-centenario-esta-noche-en-california\/","title":{"rendered":"Colombia y EE UU abren la Copa Am\u00e9rica Centenario esta noche en California"},"content":{"rendered":"<div class=\"article-body\">\n<p style=\"text-align: justify;\"><b>Caracas, 03 de junio de 2016<\/b>.<strong> (Cortes\u00eda VTV).-<\/strong> La anfitriona Estados Unidos y Colombia, dos selecciones en proceso de renovaci\u00f3n, abren este viernes en Santa Clara (California), la Copa Am\u00e9rica Centenario con diferentes expectativas en el torneo.<\/p>\n<\/div>\n<p style=\"text-align: justify;\"><!--more--><\/p>\n<p style=\"text-align: justify;\">Encuadradas en el llamado Grupo de A, el de \u2018la muerte\u2019, junto a Costa Rica y Paraguay, los estadounidenses parten sin la presi\u00f3n de ganar, a pesar de jugar en su pa\u00eds, mientras que los colombianos est\u00e1n apuntados como uno de los favoritos.<\/p>\n<p style=\"text-align: justify;\">Los cafeteros del seleccionador Jos\u00e9 Peckerman ya cuentan en su plantel con su estrella, el medio ofensivo del Real Madrid James Rodr\u00edguez, quien se incorpor\u00f3 m\u00e1s tarde debido a la final de la Liga de Campeones.<\/p>\n<p style=\"text-align: justify;\">James, de 24 a\u00f1os, disputa su tercera gran competici\u00f3n de selecciones, despu\u00e9s del Mundial del 2014 de Brasil, en el que se consagr\u00f3 como futbolista, y la Copa Am\u00e9rica de Chile del 2015, en la que decepcion\u00f3.<\/p>\n<p style=\"text-align: justify;\">Ahora, el centrocampista de fina zurda busca desquitarse de una temporada en la sombra en el Real Madrid, en la que fue suplente habitual. En la final de \u2018Champions\u2019 ganada al Atl\u00e9tico de Madrid, no aline\u00f3 un minuto.<\/p>\n<p style=\"text-align: justify;\">Sin Falcao Garc\u00eda, Te\u00f3filo Guti\u00e9rrez, Abel Aguilar y Jackson Mart\u00ednez, descartados por decisi\u00f3n t\u00e9cnica, Peckerman cuenta con j\u00f3venes como los sub-23 Roger Mart\u00ednez, Cristian Bonilla, Felipe Aguilar y Andr\u00e9s Roa, quienes fueron llamados para darles rodaje para el torneo de f\u00fatbol de R\u00edo 2016.<\/p>\n<p style=\"text-align: justify;\">El \u00faltimo encuentro amistoso antes del debut de ma\u00f1ana se sald\u00f3 con una victoria cafetera por 3-1 ante Hait\u00ed.<\/p>\n<p style=\"text-align: justify;\">La \u00fanica Copa Am\u00e9rica que venci\u00f3 Colombia fue la del 2001, cuando actu\u00f3 como anfitri\u00f3n.<\/p>\n<p style=\"text-align: justify;\">Enfrente, los Estados Unidos del alem\u00e1n J\u00fcrgen Klinsmann contin\u00faan con su proceso de renovaci\u00f3n.<\/p>\n<p style=\"text-align: justify;\">Entre otros cambios, el seleccionador ha incorporado a la gran promesa del f\u00fatbol estadounidense, el joven de 17 a\u00f1os Christian Pulisic, que juega con el Borussia Dortmund.<\/p>\n<p style=\"text-align: justify;\">No obstante, los galones recaen todav\u00eda en el capit\u00e1n Michael Bradley y el delantero Clint Dempsey, l\u00edderes despu\u00e9s del retiro de Landon Donovan.<\/p>\n<p style=\"text-align: justify;\">A pesar de su irregular rendimiento en las eliminatorias para acceder al Mundial de Rusia del 2018 y la decepcionante Copa Oro, Estados Unidos dispone de un ordenado esquema t\u00e1ctico y de jugadores frescos f\u00edsicamente, sin tantos partidos encima de las piernas como los colombianos.<\/p>\n<p style=\"text-align: justify;\">La selecci\u00f3n estadounidense ha sido invitada en tres ediciones de la Copa Am\u00e9rica, 1993, 1995 y 2007. Su mejor resultado fue el cuarto lugar en Uruguay 1995 tras caer por 4-1 precisamente ante Colombia.<\/p>\n<p style=\"text-align: justify;\">El historial de ambos combinados es favorable a los cafeteros, aunque \u00e9stos ya sufrieron alguna dolorosa derrota, como aquella por 2-1 en la primera fase del Mundial de 1994. La \u00faltima vez que se midieron de forma oficial, en la Copa Am\u00e9rica del 2007, gan\u00f3 1-0 Colombia.<\/p>\n<p style=\"text-align: justify;\">Alineaciones probables:<\/p>\n<p style=\"text-align: justify;\">Estados Unidos: Brad Guzan; Michael Orozco, Geoff Cameron, John Brooks, Matt Besler; Alejandro Bedoya, Michael Bradley y Jermaine Jones; Clint Dempsey, Bobby Wood, Gyasi Zardes.<\/p>\n<p style=\"text-align: justify;\">Seleccionador: J\u00fcrgen Klinsmann.<\/p>\n<p style=\"text-align: justify;\">Colombia: David Ospina; Santiago Arias, Cristian Zapata, Jeison Murillo, Farid D\u00edaz; Sebasti\u00e1n P\u00e9rez, Daniel Torres, Edwin Cardona, Juan Guillermo Cuadrado y James Rodr\u00edguez; Carlos Bacca.<\/p>\n<p style=\"text-align: justify;\">Seleccionador: Jos\u00e9 Pekerman.<\/p>\n<p style=\"text-align: justify;\">Estadio: Levi\u2019s Stadium en Santa Clara (California)<\/p>\n<p style=\"text-align: justify;\">\u00c1rbitro: Roberto Garc\u00eda (M\u00e9xico).<\/p>\n<p style=\"text-align: justify;\">Hora: 9:30 pm (hora de Venezuela).\u00a0<strong>Noticias-24\/Foto: Cortes\u00eda telesurtv.net<\/strong><\/p>\n","protected":false},"excerpt":{"rendered":"<p>Caracas, 03 de junio de 2016. (Cortes\u00eda VTV).- La anfitriona Estados Unidos y Colombia, dos selecciones en proceso de renovaci\u00f3n, abren este viernes en Santa Clara (California), la Copa Am\u00e9rica Centenario con diferentes expectativas en el torneo.<\/p>\n","protected":false},"author":3,"featured_media":3104,"comment_status":"closed","ping_status":"closed","sticky":false,"template":"","format":"standard","meta":[],"categories":[21,2],"tags":[25],"_links":{"self":[{"href":"https:\/\/www.espromedbio.gob.ve\/inicio\/wp-json\/wp\/v2\/posts\/3103"}],"collection":[{"href":"https:\/\/www.espromedbio.gob.ve\/inicio\/wp-json\/wp\/v2\/posts"}],"about":[{"href":"https:\/\/www.espromedbio.gob.ve\/inicio\/wp-json\/wp\/v2\/types\/post"}],"author":[{"embeddable":true,"href":"https:\/\/www.espromedbio.gob.ve\/inicio\/wp-json\/wp\/v2\/users\/3"}],"replies":[{"embeddable":true,"href":"https:\/\/www.espromedbio.gob.ve\/inicio\/wp-json\/wp\/v2\/comments?post=3103"}],"version-history":[{"count":2,"href":"https:\/\/www.espromedbio.gob.ve\/inicio\/wp-json\/wp\/v2\/posts\/3103\/revisions"}],"predecessor-version":[{"id":3106,"href":"https:\/\/www.espromedbio.gob.ve\/inicio\/wp-json\/wp\/v2\/posts\/3103\/revisions\/3106"}],"wp:featuredmedia":[{"embeddable":true,"href":"https:\/\/www.espromedbio.gob.ve\/inicio\/wp-json\/wp\/v2\/media\/3104"}],"wp:attachment":[{"href":"https:\/\/www.espromedbio.gob.ve\/inicio\/wp-json\/wp\/v2\/media?parent=3103"}],"wp:term":[{"taxonomy":"category","embeddable":true,"href":"https:\/\/www.espromedbio.gob.ve\/inicio\/wp-json\/wp\/v2\/categories?post=3103"},{"taxonomy":"post_tag","embeddable":true,"href":"https:\/\/www.espromedbio.gob.ve\/inicio\/wp-json\/wp\/v2\/tags?post=3103"}],"curies":[{"name":"wp","href":"https:\/\/api.w.org\/{rel}","templated":true}]}}