{"id":3110,"date":"2016-06-03T11:15:32","date_gmt":"2016-06-03T15:45:32","guid":{"rendered":"http:\/\/espromedbio.gob.ve\/?p=3110"},"modified":"2016-06-03T11:15:32","modified_gmt":"2016-06-03T15:45:32","slug":"maduro-hoy-los-pueblos-indigenas-estan-de-pie-y-son-reconocidos-en-venezuela","status":"publish","type":"post","link":"https:\/\/www.espromedbio.gob.ve\/inicio\/maduro-hoy-los-pueblos-indigenas-estan-de-pie-y-son-reconocidos-en-venezuela\/","title":{"rendered":"Maduro: Hoy los pueblos ind\u00edgenas est\u00e1n de pie y son reconocidos en Venezuela"},"content":{"rendered":"<p style=\"text-align: justify;\"><b>Caracas, 02 de junio de 2016. Cortes\u00eda VTV.-<\/b> \u201cLos pueblos est\u00e1n de pie, tienen dignidad, son amados y son reconocidos en su identidad, lenguaje y admiramos los 500 a\u00f1os de resistencia y cada vez admiramos su cultura profunda\u201d, afirm\u00f3 el Presidente Nicol\u00e1s Maduro este jueves.<!--more--><\/p>\n<p style=\"text-align: justify;\">El Jefe de Estado recibi\u00f3 este jueves frente al Balc\u00f3n del Pueblo del Palacio de Miraflores, en Caracas, a la marcha de los pueblos ind\u00edgenas que inici\u00f3 su recorrido en horas de la tarde desde la Plaza Santa Teresa en apoyo a la Revoluci\u00f3n Bolivariana, que reivindica sus derechos desde 1999.<\/p>\n<p style=\"text-align: justify;\">En las afueras de Miraflores, los ind\u00edgenas \u2013con vestiduras, lanzas y accesorios propios de su cultura\u2013 realizaron bailes t\u00edpicos al ritmo de su m\u00fasica ancestral.\u00a0<b>\/LFA<\/b><\/p>\n","protected":false},"excerpt":{"rendered":"<p>Caracas, 02 de junio de 2016. Cortes\u00eda VTV.- \u201cLos pueblos est\u00e1n de pie, tienen dignidad, son amados y son reconocidos en su identidad, lenguaje y admiramos los 500 a\u00f1os de resistencia y cada vez admiramos su cultura profunda\u201d, afirm\u00f3 el Presidente Nicol\u00e1s Maduro este jueves.<\/p>\n","protected":false},"author":3,"featured_media":3111,"comment_status":"closed","ping_status":"closed","sticky":false,"template":"","format":"standard","meta":[],"categories":[21,2],"tags":[23,48],"_links":{"self":[{"href":"https:\/\/www.espromedbio.gob.ve\/inicio\/wp-json\/wp\/v2\/posts\/3110"}],"collection":[{"href":"https:\/\/www.espromedbio.gob.ve\/inicio\/wp-json\/wp\/v2\/posts"}],"about":[{"href":"https:\/\/www.espromedbio.gob.ve\/inicio\/wp-json\/wp\/v2\/types\/post"}],"author":[{"embeddable":true,"href":"https:\/\/www.espromedbio.gob.ve\/inicio\/wp-json\/wp\/v2\/users\/3"}],"replies":[{"embeddable":true,"href":"https:\/\/www.espromedbio.gob.ve\/inicio\/wp-json\/wp\/v2\/comments?post=3110"}],"version-history":[{"count":1,"href":"https:\/\/www.espromedbio.gob.ve\/inicio\/wp-json\/wp\/v2\/posts\/3110\/revisions"}],"predecessor-version":[{"id":3112,"href":"https:\/\/www.espromedbio.gob.ve\/inicio\/wp-json\/wp\/v2\/posts\/3110\/revisions\/3112"}],"wp:featuredmedia":[{"embeddable":true,"href":"https:\/\/www.espromedbio.gob.ve\/inicio\/wp-json\/wp\/v2\/media\/3111"}],"wp:attachment":[{"href":"https:\/\/www.espromedbio.gob.ve\/inicio\/wp-json\/wp\/v2\/media?parent=3110"}],"wp:term":[{"taxonomy":"category","embeddable":true,"href":"https:\/\/www.espromedbio.gob.ve\/inicio\/wp-json\/wp\/v2\/categories?post=3110"},{"taxonomy":"post_tag","embeddable":true,"href":"https:\/\/www.espromedbio.gob.ve\/inicio\/wp-json\/wp\/v2\/tags?post=3110"}],"curies":[{"name":"wp","href":"https:\/\/api.w.org\/{rel}","templated":true}]}}