{"id":3114,"date":"2016-06-06T08:49:35","date_gmt":"2016-06-06T13:19:35","guid":{"rendered":"http:\/\/espromedbio.gob.ve\/?p=3114"},"modified":"2016-06-06T12:40:24","modified_gmt":"2016-06-06T17:10:24","slug":"maduro-sigamos-perseverando-en-el-trabajo-y-la-creacion","status":"publish","type":"post","link":"https:\/\/www.espromedbio.gob.ve\/inicio\/maduro-sigamos-perseverando-en-el-trabajo-y-la-creacion\/","title":{"rendered":"Maduro: Sigamos perseverando en el trabajo y la creaci\u00f3n"},"content":{"rendered":"<div class=\"cuerpo\">\n<div class=\"contenido\">\n<div>\n<p style=\"text-align: justify;\"><strong>Caracas, 05 Jun. Cortes\u00eda AVN.-<\/strong> El presidente de la Rep\u00fablica, Nicol\u00e1s Maduro, llam\u00f3 este domingo al pueblo venezolano a fortalecer el trabajo en la agricultura urbana, para avanzar en la construcci\u00f3n de la soberan\u00eda alimentaria e instaurar un nuevo esquema productivo.<\/p>\n<p style=\"text-align: justify;\">\n<\/div>\n<\/div>\n<\/div>\n<p style=\"text-align: justify;\"><!--more--><\/p>\n<div class=\"cuerpo\">\n<div class=\"contenido\">\n<div>\n<p style=\"text-align: justify;\">\u00abSaludos al Congreso de la Patria de Agricultura Urbana, sigamos perseverando en el trabajo y la creaci\u00f3n&#8230;A Vencer..\u00bb, escribi\u00f3 el Jefe de Estado en su cuenta de twitter.<\/p>\n<p style=\"text-align: justify;\">Este domingo se instala en el Parque Al\u00ed Primera, en Catia, Caracas, el Congreso de la Patria, Cap\u00edtulo Agricultura Urbana, en donde adem\u00e1s se realiza \u00a0el I Festival Venezuela Vive la Agricultura Urbana.<\/p>\n<p style=\"text-align: justify;\">En esta feria se distribuyen cosechas logradas a trav\u00e9s del Plan 100 D\u00edas para la Siembra Urbana y Periurbana, un plan dirigido hacia la construcci\u00f3n de ciudades productivas, sistemas alternativos y desconcentrados de producci\u00f3n de alimentos y aproximar al productor y al consumidor.<\/p>\n<p style=\"text-align: justify;\">A la actividad asistieron el vicepresidente Ejecutivo, Arist\u00f3bulo Ist\u00fariz, la ministra para la Agricultura Urbana, Lorena Freitez, el ministro para la Cultura, Freddy \u00d1a\u00f1ez, el diputado a la Asamblea Nacional y coordinador del Bloque de la Patria, H\u00e9ctor Rodr\u00edguez.\u00a0<strong><span style=\"color: #000000;\"><a style=\"color: #000000;\" href=\"http:\/\/www.avn.info.ve\/titulares-autores?autor=AVN\">AVN<\/a><\/span><\/strong><\/p>\n<\/div>\n<\/div>\n<\/div>\n<div class=\"contenedor-fecha-hora clearfix\"><\/div>\n","protected":false},"excerpt":{"rendered":"<p>Caracas, 05 Jun. Cortes\u00eda AVN.- El presidente de la Rep\u00fablica, Nicol\u00e1s Maduro, llam\u00f3 este domingo al pueblo venezolano a fortalecer el trabajo en la agricultura urbana, para avanzar en la construcci\u00f3n de la soberan\u00eda alimentaria e instaurar un nuevo esquema productivo.<\/p>\n","protected":false},"author":3,"featured_media":3115,"comment_status":"closed","ping_status":"closed","sticky":false,"template":"","format":"standard","meta":[],"categories":[21,2],"tags":[69,23],"_links":{"self":[{"href":"https:\/\/www.espromedbio.gob.ve\/inicio\/wp-json\/wp\/v2\/posts\/3114"}],"collection":[{"href":"https:\/\/www.espromedbio.gob.ve\/inicio\/wp-json\/wp\/v2\/posts"}],"about":[{"href":"https:\/\/www.espromedbio.gob.ve\/inicio\/wp-json\/wp\/v2\/types\/post"}],"author":[{"embeddable":true,"href":"https:\/\/www.espromedbio.gob.ve\/inicio\/wp-json\/wp\/v2\/users\/3"}],"replies":[{"embeddable":true,"href":"https:\/\/www.espromedbio.gob.ve\/inicio\/wp-json\/wp\/v2\/comments?post=3114"}],"version-history":[{"count":2,"href":"https:\/\/www.espromedbio.gob.ve\/inicio\/wp-json\/wp\/v2\/posts\/3114\/revisions"}],"predecessor-version":[{"id":3124,"href":"https:\/\/www.espromedbio.gob.ve\/inicio\/wp-json\/wp\/v2\/posts\/3114\/revisions\/3124"}],"wp:featuredmedia":[{"embeddable":true,"href":"https:\/\/www.espromedbio.gob.ve\/inicio\/wp-json\/wp\/v2\/media\/3115"}],"wp:attachment":[{"href":"https:\/\/www.espromedbio.gob.ve\/inicio\/wp-json\/wp\/v2\/media?parent=3114"}],"wp:term":[{"taxonomy":"category","embeddable":true,"href":"https:\/\/www.espromedbio.gob.ve\/inicio\/wp-json\/wp\/v2\/categories?post=3114"},{"taxonomy":"post_tag","embeddable":true,"href":"https:\/\/www.espromedbio.gob.ve\/inicio\/wp-json\/wp\/v2\/tags?post=3114"}],"curies":[{"name":"wp","href":"https:\/\/api.w.org\/{rel}","templated":true}]}}