{"id":3156,"date":"2016-06-09T08:54:01","date_gmt":"2016-06-09T13:24:01","guid":{"rendered":"http:\/\/espromedbio.gob.ve\/?p=3156"},"modified":"2016-06-09T08:54:01","modified_gmt":"2016-06-09T13:24:01","slug":"movimientos-de-misiones-sociales-marchan-en-venezuela-en-rechazo-al-intervencionismo","status":"publish","type":"post","link":"https:\/\/www.espromedbio.gob.ve\/inicio\/movimientos-de-misiones-sociales-marchan-en-venezuela-en-rechazo-al-intervencionismo\/","title":{"rendered":"Movimientos de misiones sociales marchan en Venezuela en rechazo al intervencionismo"},"content":{"rendered":"<p style=\"text-align: justify;\"><strong>Caracas, 09.06.16 (Cortes\u00eda Telesur).-<\/strong> Miembros de las principales misiones sociales de Venezuela marchar\u00e1n este jueves por todo el pa\u00eds en apoyo del gobierno venezolano y en contra los ataques de la Organizaci\u00f3n de Estados Americanos (OEA) que con respaldo de la oposici\u00f3n busca una intervenci\u00f3n extranjera en el pa\u00eds.<!--more--><\/p>\n<p style=\"text-align: justify;\">La convocatoria fue hecha el pasado lunes por el vicepresidente para el Desarrollo Social, Jorge Arreaza, quien destac\u00f3 que los manifestantes defender\u00e1n las conquistas de la Revoluci\u00f3n Bolivariana, que en 17 a\u00f1os ha destinado m\u00e1s del 70 por ciento del presupuesto nacional a inversiones sociales.<\/p>\n<p style=\"text-align: justify;\"><a href=\"http:\/\/www.telesurtv.net\/news\/Consejo-politico-del-ALBA-TCP-debate-defensa-de-la-region-20160608-0004.html\" target=\"_blank\"><strong>&gt;&gt;\u00a0Consejo pol\u00edtico del ALBA-TCP debate defensa de la regi\u00f3n<\/strong><\/a><\/p>\n<p style=\"text-align: justify;\">Resalt\u00f3 adem\u00e1s que la movilizaci\u00f3n tiene como objetivo rechazar la injerencia en los asuntos internos por parte del secretario general de la OEA, Luis Almagro, quien aspiraba, sin contar con las atribuciones necesarias, a activar la Carta Democr\u00e1tica Interamericana en contra el pueblo venezolano.<\/p>\n<p style=\"text-align: justify;\">La marcha principal se realizar\u00e1 en la capital venezolana y comenzar\u00e1 a las 10H00 hora local desde Plaza Venezuela hasta llegar al Palacio de Miraflores.<\/p>\n<p style=\"text-align: justify;\">Esta movilizaci\u00f3n forma parte de las otras actividades que se han realizado en las \u00faltimas semanas, tales como la de las mujeres, los transportistas y j\u00f3venes, quienes de manera pac\u00edfica se han movilizado para expresar su apoyo al mandatario venezolano.<\/p>\n<p style=\"text-align: justify;\">Adem\u00e1s del apoyo popular, el gobierno venezolano recibi\u00f3 el respaldo de organismos integracionistas como la Uni\u00f3n de Naciones Suramericanas (Unasur) y la Alternativa Bolivariana para los Pueblos de Nuestra Am\u00e9rica en su defensa de la soberan\u00eda nacional.<\/p>\n<p style=\"text-align: justify;\"><a href=\"http:\/\/www.telesurtv.net\/news\/Los-CLAP-marchan-por-la-soberania-alimentaria-en-Venezuela-20160608-0044.html\" target=\"_blank\"><strong>&gt;&gt;\u00a0Los CLAP marchan por la soberan\u00eda alimentaria en Venezuela<\/strong><\/a><\/p>\n<p>En la v\u00edspera, el Consejo Pol\u00edtico de la Alianza Bolivariana para los Pueblos de Nuestra Am\u00e9rica (ALBA-TCP)\u00a0rechaz\u00f3 los planes desestabilizadores contra gobiernos progresistas de Am\u00e9rica Latina, durante la reuni\u00f3n realizada en Caracas.<\/p>\n","protected":false},"excerpt":{"rendered":"<p>Caracas, 09.06.16 (Cortes\u00eda Telesur).- Miembros de las principales misiones sociales de Venezuela marchar\u00e1n este jueves por todo el pa\u00eds en apoyo del gobierno venezolano y en contra los ataques de la Organizaci\u00f3n de Estados Americanos (OEA) que con respaldo de la oposici\u00f3n busca una intervenci\u00f3n extranjera en el pa\u00eds.<\/p>\n","protected":false},"author":3,"featured_media":3157,"comment_status":"closed","ping_status":"closed","sticky":false,"template":"","format":"standard","meta":[],"categories":[21,2],"tags":[51,48],"_links":{"self":[{"href":"https:\/\/www.espromedbio.gob.ve\/inicio\/wp-json\/wp\/v2\/posts\/3156"}],"collection":[{"href":"https:\/\/www.espromedbio.gob.ve\/inicio\/wp-json\/wp\/v2\/posts"}],"about":[{"href":"https:\/\/www.espromedbio.gob.ve\/inicio\/wp-json\/wp\/v2\/types\/post"}],"author":[{"embeddable":true,"href":"https:\/\/www.espromedbio.gob.ve\/inicio\/wp-json\/wp\/v2\/users\/3"}],"replies":[{"embeddable":true,"href":"https:\/\/www.espromedbio.gob.ve\/inicio\/wp-json\/wp\/v2\/comments?post=3156"}],"version-history":[{"count":2,"href":"https:\/\/www.espromedbio.gob.ve\/inicio\/wp-json\/wp\/v2\/posts\/3156\/revisions"}],"predecessor-version":[{"id":3159,"href":"https:\/\/www.espromedbio.gob.ve\/inicio\/wp-json\/wp\/v2\/posts\/3156\/revisions\/3159"}],"wp:featuredmedia":[{"embeddable":true,"href":"https:\/\/www.espromedbio.gob.ve\/inicio\/wp-json\/wp\/v2\/media\/3157"}],"wp:attachment":[{"href":"https:\/\/www.espromedbio.gob.ve\/inicio\/wp-json\/wp\/v2\/media?parent=3156"}],"wp:term":[{"taxonomy":"category","embeddable":true,"href":"https:\/\/www.espromedbio.gob.ve\/inicio\/wp-json\/wp\/v2\/categories?post=3156"},{"taxonomy":"post_tag","embeddable":true,"href":"https:\/\/www.espromedbio.gob.ve\/inicio\/wp-json\/wp\/v2\/tags?post=3156"}],"curies":[{"name":"wp","href":"https:\/\/api.w.org\/{rel}","templated":true}]}}