{"id":3317,"date":"2016-07-01T12:48:00","date_gmt":"2016-07-01T17:18:00","guid":{"rendered":"http:\/\/espromedbio.gob.ve\/?p=3317"},"modified":"2016-07-01T12:48:00","modified_gmt":"2016-07-01T17:18:00","slug":"solventada-falla-en-el-aire-acondicionado-de-la-emergencia-pediatrica-del-hospital-j-m-de-los-rios","status":"publish","type":"post","link":"https:\/\/www.espromedbio.gob.ve\/inicio\/solventada-falla-en-el-aire-acondicionado-de-la-emergencia-pediatrica-del-hospital-j-m-de-los-rios\/","title":{"rendered":"Solventada falla en el aire acondicionado de la emergencia pedi\u00e1trica del Hospital J.M. de los R\u00edos"},"content":{"rendered":"<p style=\"text-align: justify;\"><strong>Caracas, 30.06.16 (Cortes\u00eda Prensa MPPS).-<\/strong> La situaci\u00f3n surgida este mi\u00e9rcoles en horas de la noche con uno de los equipos de aire acondicionado del \u00e1rea de emergencia pedi\u00e1trica y de triaje del Hospital J.M. de los R\u00edos, ya est\u00e1 controlada.\u00a0Desde un comienzo se garantiz\u00f3 la debida atenci\u00f3n a los pacientes que se encuentran recluidos en el \u00e1rea pedi\u00e1trica.<!--more--><\/p>\n<p style=\"text-align: justify;\">La informaci\u00f3n la dio a conocer Wilmer B\u00e1ez, viceministro de Recursos, Tecnolog\u00eda y Regulaci\u00f3n del Ministerio del Poder Popular para la Salud (MPPS) quien en compa\u00f1\u00eda de Noly Fern\u00e1ndez, viceministra de Hospitales; Earle Siso, director Regional de Distrito Capital y Maira Oviedo, directora del nosocomio, evaluaron la situaci\u00f3n.\u00a0<a href=\"http:\/\/espromedbio.gob.ve\/wp-content\/uploads\/2016\/07\/La-situaci\u00f3n-es-normal-en-el-JM-de-los-R\u00edos1.jpg\"><img loading=\"lazy\" class=\"alignleft wp-image-3320 size-medium\" src=\"http:\/\/espromedbio.gob.ve\/wp-content\/uploads\/2016\/07\/La-situaci\u00f3n-es-normal-en-el-JM-de-los-R\u00edos1-300x200.jpg\" alt=\"La situaci\u00f3n es normal en el JM de los R\u00edos\" width=\"300\" height=\"200\" srcset=\"https:\/\/www.espromedbio.gob.ve\/wp-content\/uploads\/2016\/07\/La-situaci\u00f3n-es-normal-en-el-JM-de-los-R\u00edos1-300x200.jpg 300w, https:\/\/www.espromedbio.gob.ve\/wp-content\/uploads\/2016\/07\/La-situaci\u00f3n-es-normal-en-el-JM-de-los-R\u00edos1-272x182.jpg 272w, https:\/\/www.espromedbio.gob.ve\/wp-content\/uploads\/2016\/07\/La-situaci\u00f3n-es-normal-en-el-JM-de-los-R\u00edos1.jpg 900w\" sizes=\"(max-width: 300px) 100vw, 300px\" \/><\/a><\/p>\n<p style=\"text-align: justify;\">El Viceministro agreg\u00f3 que se est\u00e1 realizando la investigaci\u00f3n necesaria para despejar dudas sobre el origen de la falla, esperando el diagnostico de los t\u00e9cnicos del equipo. En altas horas de la noche se \u00a0present\u00f3 una salida de humo por los ductos, creando una situaci\u00f3n de alarma en la instituci\u00f3n. De inmediato se tomaron \u00a0las medidas pertinentes de movilizaci\u00f3n de los ni\u00f1os que se encontraban en el \u00e1rea: \u00a0\u201cEstamos evaluando la causa del problema para determinar qu\u00e9 fue lo que fall\u00f3 en el equipo. Llama la atenci\u00f3n que esta situaci\u00f3n coincida con la implementaci\u00f3n del Plan Estrat\u00e9gico de Atenci\u00f3n a la Red Hospitalaria, elaborado siguiendo lineamientos del Presidente de Rep\u00fablica Bolivariana de Venezuela, Nicol\u00e1s Maduro Moros, para efectuar la evaluaci\u00f3n, seguimiento, planificaci\u00f3n, correcci\u00f3n y control de la \u00a0infraestructura y de la gesti\u00f3n hospitalaria.\u00a0El Plan se viene desarrollando desde hace varias semanas en articulaci\u00f3n \u00a0con otros entes del Estado como Hidrocapital y Corpoelec; parte de una evaluaci\u00f3n colectiva -colegiados los llamamos- entre directivos y trabajadores de los hospitales y del Ministerio, para evaluar la situaci\u00f3n de acondicionamiento, infraestructura y seguridad\u201d, explic\u00f3 B\u00e1ez.<\/p>\n<p>&nbsp;<\/p>\n","protected":false},"excerpt":{"rendered":"<p>Caracas, 30.06.16 (Cortes\u00eda Prensa MPPS).- La situaci\u00f3n surgida este mi\u00e9rcoles en horas de la noche con uno de los equipos de aire acondicionado del \u00e1rea de emergencia pedi\u00e1trica y de triaje del Hospital J.M. de los R\u00edos, ya est\u00e1 controlada.\u00a0Desde un comienzo se garantiz\u00f3 la debida atenci\u00f3n a los pacientes que se encuentran recluidos en [&hellip;]<\/p>\n","protected":false},"author":3,"featured_media":3318,"comment_status":"closed","ping_status":"closed","sticky":false,"template":"","format":"standard","meta":[],"categories":[21,2],"tags":[27,60],"_links":{"self":[{"href":"https:\/\/www.espromedbio.gob.ve\/inicio\/wp-json\/wp\/v2\/posts\/3317"}],"collection":[{"href":"https:\/\/www.espromedbio.gob.ve\/inicio\/wp-json\/wp\/v2\/posts"}],"about":[{"href":"https:\/\/www.espromedbio.gob.ve\/inicio\/wp-json\/wp\/v2\/types\/post"}],"author":[{"embeddable":true,"href":"https:\/\/www.espromedbio.gob.ve\/inicio\/wp-json\/wp\/v2\/users\/3"}],"replies":[{"embeddable":true,"href":"https:\/\/www.espromedbio.gob.ve\/inicio\/wp-json\/wp\/v2\/comments?post=3317"}],"version-history":[{"count":1,"href":"https:\/\/www.espromedbio.gob.ve\/inicio\/wp-json\/wp\/v2\/posts\/3317\/revisions"}],"predecessor-version":[{"id":3321,"href":"https:\/\/www.espromedbio.gob.ve\/inicio\/wp-json\/wp\/v2\/posts\/3317\/revisions\/3321"}],"wp:featuredmedia":[{"embeddable":true,"href":"https:\/\/www.espromedbio.gob.ve\/inicio\/wp-json\/wp\/v2\/media\/3318"}],"wp:attachment":[{"href":"https:\/\/www.espromedbio.gob.ve\/inicio\/wp-json\/wp\/v2\/media?parent=3317"}],"wp:term":[{"taxonomy":"category","embeddable":true,"href":"https:\/\/www.espromedbio.gob.ve\/inicio\/wp-json\/wp\/v2\/categories?post=3317"},{"taxonomy":"post_tag","embeddable":true,"href":"https:\/\/www.espromedbio.gob.ve\/inicio\/wp-json\/wp\/v2\/tags?post=3317"}],"curies":[{"name":"wp","href":"https:\/\/api.w.org\/{rel}","templated":true}]}}