{"id":3332,"date":"2016-07-01T15:09:31","date_gmt":"2016-07-01T19:39:31","guid":{"rendered":"http:\/\/espromedbio.gob.ve\/?p=3332"},"modified":"2016-07-01T15:09:31","modified_gmt":"2016-07-01T19:39:31","slug":"venezuela-asumira-hoy-presidencia-temporal-de-mercosur-social","status":"publish","type":"post","link":"https:\/\/www.espromedbio.gob.ve\/inicio\/venezuela-asumira-hoy-presidencia-temporal-de-mercosur-social\/","title":{"rendered":"Venezuela asumir\u00e1 hoy presidencia temporal de Mercosur Social"},"content":{"rendered":"<p style=\"text-align: justify;\"><strong>Caracas, 1\u00ba.07.16 (Cortes\u00eda Telesur).-<\/strong> Venezuela asumir\u00e1 este viernes\u00a0la presidencia pro tempore de la Cumbre Social del Mercado Com\u00fan del Sur (Mercosur) en la \u00faltima jornada de una reuni\u00f3n que termina\u00a0con la lectura y aprobaci\u00f3n de la declaraci\u00f3n final.<!--more--><\/p>\n<p style=\"text-align: justify;\"><a href=\"http:\/\/www.telesurtv.net\/news\/XX-Cumbre-del-Mercosur-centrara-atencion-en-derechos-sociales-20160630-0057.html\" target=\"_blank\"><strong>&gt;&gt;XX Cumbre del Mercosur centrar\u00e1 atenci\u00f3n en derechos sociales.<\/strong><\/a><\/p>\n<p style=\"text-align: justify;\">En el cierre del encuentro, que sesion\u00f3 por dos d\u00edas en Montevideo, Uruguay,\u00a0bajo el lema a <em><strong>\u00ab25 a\u00f1os del Mercosur: por m\u00e1s democracia y m\u00e1s ciudadan\u00eda\u00bb<\/strong><\/em>, tambi\u00e9n se desarrollar\u00e1 el taller \u00abC\u00f3mo y por qu\u00e9 defender la Integraci\u00f3n Regional en la situaci\u00f3n actual\u00bb.<\/p>\n<p>Delegados de Bolivia, Paraguay, Brasil, Venezuela, Argentina y Uruguay coincidieron en un panel en que ahora\u00a0m\u00e1s que nunca se necesita la solidaridad para enfrentar la arremetida de la derecha, que pretende acabar con los logros de gobiernos progresistas.<\/p>\n<p style=\"text-align: justify;\">Por su parte, el alcalde\u00a0venezolano Jorge Rodr\u00edguez, se\u00f1al\u00f3 que los tiempos en Am\u00e9rica Latina cambiaron para siempre desde la \u00e9poca en que el presidente Hugo Ch\u00e1vez era una voz solitaria, rese\u00f1a Prensa Latina.<\/p>\n<p>Recuerdo mucho, dijo, una frase de Ch\u00e1vez que dec\u00eda que los \u00abpresidentes vamos de cumbre en cumbre y los pueblos van de abismo en abismo\u00bb.<\/p>\n<p style=\"text-align: justify;\"><a href=\"http:\/\/www.telesurtv.net\/news\/No-habra-cumbre-del-Mercosur-pero-si-traspaso-a-Venezuela-20160627-0053.html\" target=\"_blank\"><strong>&gt;&gt;No habr\u00e1 cumbre del Mercosur, pero s\u00ed traspaso a Venezuela.<\/strong><\/a><\/p>\n<p>Rodr\u00edguez reflexion\u00f3 que eso cambi\u00f3 en todo el continente americano, y sobre todo en Suram\u00e9rica, con la llegada de gobiernos de izquierda\u00a0en Venezuela, Bolivia, Ecuador, Argentina, Uruguay, que transformaron la situaci\u00f3n de devastaci\u00f3n que dejaron las pol\u00edticas neoliberales en la d\u00e9cada del 80 y los 90.<\/p>\n<p>Es por eso que aparece Mercosur Social, apunt\u00f3, y a\u00f1adi\u00f3 que este mecanismo va m\u00e1s all\u00e1 de las relaciones comerciales y econ\u00f3micas entre los pa\u00edses, porque\u00a0se afinca m\u00e1s en las necesidades de los pueblos para sacar a las mayor\u00edas de la situaci\u00f3n de pobreza y proporcionar educaci\u00f3n, salud y alimentaci\u00f3n para todos.<\/p>\n<p>El alcalde manifest\u00f3 sentirse profundamente orgulloso en que su pa\u00eds reciba este mes la presidencia pro tempore del Mercado Com\u00fan del Sur y la del Mercosur Social.<\/p>\n<p style=\"text-align: justify;\"><strong>Sobre la negativa de Paraguay y Brasil<\/strong><\/p>\n<p>Al referirse ayer a la negativa de los gobiernos de Paraguay y Brasil a que Venezuela asuma la presidencia pro tempore del Mercosur, Rodr\u00edguez apunt\u00f3 que parece que el mundo est\u00e1 al rev\u00e9s, debido a que\u00a0los cancilleres de esos pa\u00edses provienen precisamente \u00abde gobiernos de facto que dieron golpes de Estado a presidentes leg\u00edtimos\u00bb.<\/p>\n<p>Denunci\u00f3 tambi\u00e9n la posici\u00f3n genuflexa del secretario general de la Organizaci\u00f3n de Estados Americanos, el uruguayo Luis Almagro, por sus ataques contra Venezuela, en una actuaci\u00f3n totalmente servil a los intereses de Estados Unidos.<\/p>\n<p>Al inaugurar la XX Cumbre del Mercosur Social, el Alto Representante General, Florisvaldo Fier, destac\u00f3 que el rumbo del bloque de integraci\u00f3n no solo est\u00e1 en manos de los gobiernos y las instituciones de los Estados partes, sino en los pueblos.<\/p>\n<p>\u00abLos pueblos tienen que trabajar a conciencia para alcanzar sus derechos\u00bb, dijo el funcionario.<\/p>\n<p style=\"text-align: justify;\"><strong>En contexto<\/strong><\/p>\n<p style=\"text-align: justify;\">El Gobierno de Uruguay suspendi\u00f3 la cumbre presidencial del Mercado Com\u00fan del Sur (Mercosur) prevista para este mes, pero indic\u00f3 que el traspaso de la presidencia pro tempore del organismo a Venezuela s\u00ed se realizar\u00e1.<\/p>\n<p style=\"text-align: justify;\">El ministro uruguayo de Relaciones Exteriores,\u00a0Rodolfo Nin Novoa, inform\u00f3 que el traspado de la presidencia por tempore a Venezuela se har\u00e1 entre cancilleres. Esto significa que el diplom\u00e1tico\u00a0le entregar\u00e1 el mando del Mercosur\u00a0a su par venezolana, Delcy Rodr\u00edguez.<\/p>\n<p style=\"text-align: justify;\">El alto representante general del Mercosur, Florisvaldo Fier, indic\u00f3 desde Montevideo que los pa\u00edses de este organismo construir\u00e1n un consenso en relaci\u00f3n al traspaso de la presidencia pro tempore, que en estos momentos ostenta Uruguay y que pasar\u00e1 a Venezuela.<\/p>\n","protected":false},"excerpt":{"rendered":"<p>Caracas, 1\u00ba.07.16 (Cortes\u00eda Telesur).- Venezuela asumir\u00e1 este viernes\u00a0la presidencia pro tempore de la Cumbre Social del Mercado Com\u00fan del Sur (Mercosur) en la \u00faltima jornada de una reuni\u00f3n que termina\u00a0con la lectura y aprobaci\u00f3n de la declaraci\u00f3n final.<\/p>\n","protected":false},"author":3,"featured_media":3333,"comment_status":"closed","ping_status":"closed","sticky":false,"template":"","format":"standard","meta":[],"categories":[21,2],"tags":[39,28],"_links":{"self":[{"href":"https:\/\/www.espromedbio.gob.ve\/inicio\/wp-json\/wp\/v2\/posts\/3332"}],"collection":[{"href":"https:\/\/www.espromedbio.gob.ve\/inicio\/wp-json\/wp\/v2\/posts"}],"about":[{"href":"https:\/\/www.espromedbio.gob.ve\/inicio\/wp-json\/wp\/v2\/types\/post"}],"author":[{"embeddable":true,"href":"https:\/\/www.espromedbio.gob.ve\/inicio\/wp-json\/wp\/v2\/users\/3"}],"replies":[{"embeddable":true,"href":"https:\/\/www.espromedbio.gob.ve\/inicio\/wp-json\/wp\/v2\/comments?post=3332"}],"version-history":[{"count":1,"href":"https:\/\/www.espromedbio.gob.ve\/inicio\/wp-json\/wp\/v2\/posts\/3332\/revisions"}],"predecessor-version":[{"id":3334,"href":"https:\/\/www.espromedbio.gob.ve\/inicio\/wp-json\/wp\/v2\/posts\/3332\/revisions\/3334"}],"wp:featuredmedia":[{"embeddable":true,"href":"https:\/\/www.espromedbio.gob.ve\/inicio\/wp-json\/wp\/v2\/media\/3333"}],"wp:attachment":[{"href":"https:\/\/www.espromedbio.gob.ve\/inicio\/wp-json\/wp\/v2\/media?parent=3332"}],"wp:term":[{"taxonomy":"category","embeddable":true,"href":"https:\/\/www.espromedbio.gob.ve\/inicio\/wp-json\/wp\/v2\/categories?post=3332"},{"taxonomy":"post_tag","embeddable":true,"href":"https:\/\/www.espromedbio.gob.ve\/inicio\/wp-json\/wp\/v2\/tags?post=3332"}],"curies":[{"name":"wp","href":"https:\/\/api.w.org\/{rel}","templated":true}]}}