{"id":3342,"date":"2016-07-04T08:12:29","date_gmt":"2016-07-04T12:42:29","guid":{"rendered":"http:\/\/espromedbio.gob.ve\/?p=3342"},"modified":"2016-07-04T08:12:59","modified_gmt":"2016-07-04T12:42:59","slug":"presidente-maduro-presento-la-primera-edicion-del-noticiero-presidencialven","status":"publish","type":"post","link":"https:\/\/www.espromedbio.gob.ve\/inicio\/presidente-maduro-presento-la-primera-edicion-del-noticiero-presidencialven\/","title":{"rendered":"Presidente Maduro present\u00f3 la primera edici\u00f3n del Noticiero PresidencialVen"},"content":{"rendered":"<p style=\"text-align: justify;\"><b>Caracas, 04 de julio de 2016 (Cortes\u00eda VTV).-<\/b> El presidente de la rep\u00fablica, <b>Nicol\u00e1s Maduro<\/b>, a trav\u00e9s de cuenta en la red social Facebook, present\u00f3 la edici\u00f3n del Noticiero PresidencialVen.<!--more--><\/p>\n<p style=\"text-align: justify;\">Se trata de un espacio donde el equipo de Prensa Presidencial realiza un resumen de todas las actividades realizadas por el Jefe de Estado durante la semana, donde se muestran los trabajos hechos constantemente a favor del pueblo.\u00a0<b>\/MT<\/b><\/p>\n","protected":false},"excerpt":{"rendered":"<p>Caracas, 04 de julio de 2016 (Cortes\u00eda VTV).- El presidente de la rep\u00fablica, Nicol\u00e1s Maduro, a trav\u00e9s de cuenta en la red social Facebook, present\u00f3 la edici\u00f3n del Noticiero PresidencialVen.<\/p>\n","protected":false},"author":3,"featured_media":3343,"comment_status":"closed","ping_status":"closed","sticky":false,"template":"","format":"standard","meta":[],"categories":[21,2],"tags":[51,23],"_links":{"self":[{"href":"https:\/\/www.espromedbio.gob.ve\/inicio\/wp-json\/wp\/v2\/posts\/3342"}],"collection":[{"href":"https:\/\/www.espromedbio.gob.ve\/inicio\/wp-json\/wp\/v2\/posts"}],"about":[{"href":"https:\/\/www.espromedbio.gob.ve\/inicio\/wp-json\/wp\/v2\/types\/post"}],"author":[{"embeddable":true,"href":"https:\/\/www.espromedbio.gob.ve\/inicio\/wp-json\/wp\/v2\/users\/3"}],"replies":[{"embeddable":true,"href":"https:\/\/www.espromedbio.gob.ve\/inicio\/wp-json\/wp\/v2\/comments?post=3342"}],"version-history":[{"count":2,"href":"https:\/\/www.espromedbio.gob.ve\/inicio\/wp-json\/wp\/v2\/posts\/3342\/revisions"}],"predecessor-version":[{"id":3345,"href":"https:\/\/www.espromedbio.gob.ve\/inicio\/wp-json\/wp\/v2\/posts\/3342\/revisions\/3345"}],"wp:featuredmedia":[{"embeddable":true,"href":"https:\/\/www.espromedbio.gob.ve\/inicio\/wp-json\/wp\/v2\/media\/3343"}],"wp:attachment":[{"href":"https:\/\/www.espromedbio.gob.ve\/inicio\/wp-json\/wp\/v2\/media?parent=3342"}],"wp:term":[{"taxonomy":"category","embeddable":true,"href":"https:\/\/www.espromedbio.gob.ve\/inicio\/wp-json\/wp\/v2\/categories?post=3342"},{"taxonomy":"post_tag","embeddable":true,"href":"https:\/\/www.espromedbio.gob.ve\/inicio\/wp-json\/wp\/v2\/tags?post=3342"}],"curies":[{"name":"wp","href":"https:\/\/api.w.org\/{rel}","templated":true}]}}