{"id":3355,"date":"2016-07-04T08:55:56","date_gmt":"2016-07-04T13:25:56","guid":{"rendered":"http:\/\/espromedbio.gob.ve\/?p=3355"},"modified":"2016-07-04T08:55:56","modified_gmt":"2016-07-04T13:25:56","slug":"venezuela-ratifica-su-compromiso-de-promover-la-agenda-social-desde-el-mercosur","status":"publish","type":"post","link":"https:\/\/www.espromedbio.gob.ve\/inicio\/venezuela-ratifica-su-compromiso-de-promover-la-agenda-social-desde-el-mercosur\/","title":{"rendered":"Venezuela ratifica su compromiso de promover la agenda social desde el Mercosur"},"content":{"rendered":"<p style=\"text-align: justify;\"><strong>Caracas, 03 Jul. Cortes\u00eda AVN.-<\/strong> Promover, fortalecer y consolidar el Plan Estrat\u00e9gico de Acci\u00f3n Social del Mercado Com\u00fan del Sur (Mercosur) ser\u00e1 la tarea fundamental y la esencia de la agenda de Venezuela para los pr\u00f3ximos seis meses, per\u00edodo en el que estar\u00e1 a cargo de la presidencia pro t\u00e9mpore de este organismo regional.<!--more--><\/p>\n<p style=\"text-align: justify;\">Al respecto, el vicepresidente para el \u00c1rea Social, Jorge Arreaza, en una entrevista concedida v\u00eda telef\u00f3nica al Sistema Radio Mundial, indic\u00f3 que si bien, en 1991, Mercosur naci\u00f3 como una uni\u00f3n aduanera hacia el mercado com\u00fan, posteriormente se entendi\u00f3 la necesidad de avanzar hacia un proceso con dimensi\u00f3n social.<\/p>\n<p style=\"text-align: justify;\">En sus primeros a\u00f1os \u00abten\u00eda muy poco lo social incorporado en su agenda\u00bb y fue precisamente Venezuela, durante el Gobierno del presidente Hugo Ch\u00e1vez, quien coloc\u00f3 lo social sobre la mesa de discusi\u00f3n y promovi\u00f3 que en la agenda se incorporara esta \u00e1rea para la promoci\u00f3n del desarrollo humano integral en la regi\u00f3n.<\/p>\n<p style=\"text-align: justify;\">\u00abEl comandante Ch\u00e1vez hizo much\u00edsimos esfuerzos para que todos los procesos de integraci\u00f3n, de uni\u00f3n en nuestro continente tuviesen como fundamentos la inclusi\u00f3n de los pueblos y la integraci\u00f3n de los pueblos\u00bb, agreg\u00f3 Arreaza en la entrevista.<\/p>\n<p style=\"text-align: justify;\">Es as\u00ed como ahora el \u00abMercosur cuenta con un Plan Estrat\u00e9gico de Acci\u00f3n Social, que es un plan parecido a nuestro Plan de la Patria, donde est\u00e1 (establecida) la universalizaci\u00f3n de los derechos a la salud, a la educaci\u00f3n, a la cultura, a lucha contra la pobreza, la vivienda, y es un plan para armonizar y coordinar las pol\u00edticas de todos los pa\u00edses miembros de Mercosur\u00bb, subray\u00f3.<\/p>\n<p style=\"text-align: justify;\">As\u00ed pues, bajo esa premisa\u00a0\u2014recalc\u00f3\u2014 \u00abVenezuela asume la presidencia pro t\u00e9mpore. Son seis meses en los cuales nuestro compromiso en lo social, pero lo asumimos en la integridad del Mercosur, es avanzar aceleradamente en la concreci\u00f3n de ese Plan Estrat\u00e9gico de Acci\u00f3n Social y nutrirlo y que todos y cada uno de sus \u00e1mbitos sean reforzado desde la Presidencia Pro T\u00e9mpore\u00bb.<\/p>\n<div style=\"text-align: justify;\">Arreaza mencion\u00f3 que ese objetivo se desarrollar\u00e1 y ser\u00e1 concretado pese la coyuntura pol\u00edtica por la que atraviesa pa\u00edses como Brasil, donde grupos pol\u00edticos opositores al Gobierno de la Presidenta Dilma Rousseff perpetraron un\u00a0golpe de Estado, as\u00ed como en Argentina, donde el actual Gobierno, a cargo del empresario Mauricio Macri, adelanta pol\u00edticas neoliberales.<\/div>\n<div style=\"text-align: justify;\"><\/div>\n<div style=\"text-align: justify;\"><strong>La batalla es por la felicidad social<\/strong><\/div>\n<p style=\"text-align: justify;\">Al ser consultado sobre las embestidas imperiales contra Venezuela, el vicepresidente para el \u00c1rea Social indic\u00f3 que esos ataques que se impulsan contra el pa\u00eds bolivariano desde el exterior, con la utilizaci\u00f3n de la extrema derecha criolla, no son m\u00e1s que una batalla, en la que la Revoluci\u00f3n Bolivariana tiene su norte bien determinado: salir victoriosa para continuar con las reivindicaciones de las luchas sociales.<\/p>\n<p style=\"text-align: justify;\">Mencion\u00f3 que ese objetivo ser\u00e1 inquebrantable. \u00abNosotros (la Revoluci\u00f3n y el pueblo patriota), si tuvi\u00e9semos que quedar solos por una circunstancia extrema seguir\u00edamos adelante con la batalla por la felicidad social, por la igualdad, por las Misiones y por las Grandes Misiones, seguir\u00edamos adelante\u00bb, sentenci\u00f3.<\/p>\n<p style=\"text-align: justify;\">Desde el mismo nacimiento de la Revoluci\u00f3n Bolivariana, en 1999 \u2013cuyos cimientos se fundamentan sobre la reivindicaci\u00f3n de las luchas sociales y la erradicaci\u00f3n de toda forma de exclusi\u00f3n, lo cual sign\u00f3 las pol\u00edticas de gobiernos arrodillados a los intereses imperiales\u2013 Venezuela y su pueblo se convirtieron en blanco de ataques y de agresi\u00f3n por parte de sectores de la derecha nacional e internacional. En los \u00faltimos tres a\u00f1os, estas embestidas han arreciado.<\/p>\n<p style=\"text-align: justify;\">\u00abLa conspiraci\u00f3n siempre est\u00e1 presente, dentro y fuera de Venezuela\u00bb, dijo Arreaza, quien agreg\u00f3 que todo ello responde a que necesitan un gobierno sumido a sus intereses, a los fines de apoderarse de las riquezas naturales que son propiedad de los venezolanos. Por eso, \u00abVenezuela siempre va a estar en el ojo del hurac\u00e1n y de la miras de los grandes intereses internacional\u00bb, dijo.<\/p>\n<p style=\"text-align: justify;\">\u00abEs una guerra donde habr\u00e1n muchas batallas y donde finalmente el pueblo tendr\u00e1 que imponerse. No tenemos otra opci\u00f3n. El socialismo no es una opci\u00f3n, es un destino y lo debemos asumir de esa manera\u00bb, agreg\u00f3 Arreaza.<\/p>\n<p style=\"text-align: justify;\"><strong>Di\u00e1logo por la paz\u00a0<\/strong><\/p>\n<p style=\"text-align: justify;\">Asimismo, Arreaza reiter\u00f3 que el Gobierno del Presidente Nicol\u00e1s Maduro es firme en su disposici\u00f3n de entablar un di\u00e1logo con la oposici\u00f3n venezolana como v\u00eda para preservar la paz, la soberan\u00eda y para avanzar hacia la recuperaci\u00f3n econ\u00f3mica y consolidar la prosperidad nacional.<\/p>\n<p style=\"text-align: justify;\">En ese sentido, lament\u00f3 que la oposici\u00f3n venezolana rechace las convocatorias de di\u00e1logo y se reh\u00fase adem\u00e1s la mediaci\u00f3n planteada por la Uni\u00f3n de Naciones Suramericanas (Unasur) y los expresidentes Mart\u00edn Torrijos, de Panam\u00e1; Jos\u00e9 Luis Rodr\u00edguez Zapatero, de Espa\u00f1a, y Lionel Fern\u00e1ndez, de Rep\u00fablica Dominicana, y que por el contrario acudan a organismos internacionales y que promueven una intervenci\u00f3n contra Venezuela y su pueblo.<\/p>\n<p style=\"text-align: justify;\">Ante ello, \u00abvamos a insistir en la defensa de la soberan\u00eda. Es una pugna hist\u00f3rica la cual no debe asustarnos ni amilanar a nadie sino m\u00e1s bien envalentonarnos, pues es una se\u00f1al que seguimos en la lucha de clase en el mundo para vencer la explotaci\u00f3n y liberarnos, son procesos que no tienen otro destino sino enfrentarlos y salir victoriosos\u201d.<\/p>\n<p style=\"text-align: justify;\">\u00abLa derecha seguir\u00e1 insistiendo en la violencia, y nosotros insistiremos en defender nuestra soberan\u00eda\u00bb, se\u00f1al\u00f3.<\/p>\n<p>&nbsp;<\/p>\n","protected":false},"excerpt":{"rendered":"<p>Caracas, 03 Jul. Cortes\u00eda AVN.- Promover, fortalecer y consolidar el Plan Estrat\u00e9gico de Acci\u00f3n Social del Mercado Com\u00fan del Sur (Mercosur) ser\u00e1 la tarea fundamental y la esencia de la agenda de Venezuela para los pr\u00f3ximos seis meses, per\u00edodo en el que estar\u00e1 a cargo de la presidencia pro t\u00e9mpore de este organismo regional.<\/p>\n","protected":false},"author":3,"featured_media":3356,"comment_status":"closed","ping_status":"closed","sticky":false,"template":"","format":"standard","meta":[],"categories":[21,2],"tags":[102,39,28],"_links":{"self":[{"href":"https:\/\/www.espromedbio.gob.ve\/inicio\/wp-json\/wp\/v2\/posts\/3355"}],"collection":[{"href":"https:\/\/www.espromedbio.gob.ve\/inicio\/wp-json\/wp\/v2\/posts"}],"about":[{"href":"https:\/\/www.espromedbio.gob.ve\/inicio\/wp-json\/wp\/v2\/types\/post"}],"author":[{"embeddable":true,"href":"https:\/\/www.espromedbio.gob.ve\/inicio\/wp-json\/wp\/v2\/users\/3"}],"replies":[{"embeddable":true,"href":"https:\/\/www.espromedbio.gob.ve\/inicio\/wp-json\/wp\/v2\/comments?post=3355"}],"version-history":[{"count":1,"href":"https:\/\/www.espromedbio.gob.ve\/inicio\/wp-json\/wp\/v2\/posts\/3355\/revisions"}],"predecessor-version":[{"id":3357,"href":"https:\/\/www.espromedbio.gob.ve\/inicio\/wp-json\/wp\/v2\/posts\/3355\/revisions\/3357"}],"wp:featuredmedia":[{"embeddable":true,"href":"https:\/\/www.espromedbio.gob.ve\/inicio\/wp-json\/wp\/v2\/media\/3356"}],"wp:attachment":[{"href":"https:\/\/www.espromedbio.gob.ve\/inicio\/wp-json\/wp\/v2\/media?parent=3355"}],"wp:term":[{"taxonomy":"category","embeddable":true,"href":"https:\/\/www.espromedbio.gob.ve\/inicio\/wp-json\/wp\/v2\/categories?post=3355"},{"taxonomy":"post_tag","embeddable":true,"href":"https:\/\/www.espromedbio.gob.ve\/inicio\/wp-json\/wp\/v2\/tags?post=3355"}],"curies":[{"name":"wp","href":"https:\/\/api.w.org\/{rel}","templated":true}]}}