{"id":3389,"date":"2016-07-07T11:01:19","date_gmt":"2016-07-07T15:31:19","guid":{"rendered":"http:\/\/espromedbio.gob.ve\/?p=3389"},"modified":"2016-07-07T11:01:19","modified_gmt":"2016-07-07T15:31:19","slug":"pdte-maduro-hace-41-anos-el-comandante-chavez-juro-amar-y-defender-la-patria","status":"publish","type":"post","link":"https:\/\/www.espromedbio.gob.ve\/inicio\/pdte-maduro-hace-41-anos-el-comandante-chavez-juro-amar-y-defender-la-patria\/","title":{"rendered":"Pdte. Maduro: Hace 41 a\u00f1os el comandante Ch\u00e1vez jur\u00f3 amar y defender la Patria"},"content":{"rendered":"<p><b>Caracas, 07 de julio de 2016. (Cortes\u00eda VTV).-<\/b> A trav\u00e9s de su cuenta Facebook, el presidente Nicol\u00e1s Maduro record\u00f3 el egreso del comandante Hugo Ch\u00e1vez de la Academia Militar de Venezuela, donde obtuvo el t\u00edtulo de Licenciado en Ciencias y Artes Militares, en el \u00e1rea de Ingenier\u00eda, menci\u00f3n Terrestre con el grado de Subteniente en la Promoci\u00f3n Sim\u00f3n Bol\u00edvar II.<\/p>\n<p>\u201cEl 7 de julio de 1975, se inici\u00f3 el sendero de liberaci\u00f3n del pueblo, hace 41 a\u00f1os nuestro Comandante Eterno recibi\u00f3 en el patio de honor de la Casa de los Sue\u00f1os Azules el t\u00edtulo de Licenciado en Ciencias y Artes Militares (\u2026) ,destac\u00e1ndose por obtener las m\u00e1s altas calificaciones en los diversos cursos que realiz\u00f3 en el seno de las entonces Fuerzas Armadas\u201d, \u00e9ste fue parte del mensaje publicado por el Jefe de Estado en la red social.<\/p>\n<p>Aquel joven, con tan solo 21 a\u00f1os, se convirti\u00f3 en un soldado rebelde y a\u00f1os despu\u00e9s en el m\u00e1ximo l\u00edder de la Revoluci\u00f3n Bolivariana.<\/p>\n<p>El Primer Mandatario rememor\u00f3 que hace 41 a\u00f1os, \u201csosteniendo el sable del Ej\u00e9rcito Libertador, jur\u00f3 ante Dios y la bandera amar y defender a \u00e9sta, su Patria, hoy desde nuestro Gobierno revolucionario continuamos el legado Bolivariano, cumpliendo d\u00eda a d\u00eda el sagrado juramento de nuestro Padre Eterno \u00a1Ch\u00e1vez vive y vive! \u00a1La Patria sigue y sigue!\u201d.<\/p>\n<p>Cada 7 de julio, el pueblo venezolano recuerda con orgullo una etapa m\u00e1s del hombre que entreg\u00f3 hasta su \u00faltimo suspiro por el pueblo venezolano, ese que tanto lo am\u00f3 y seguir\u00e1 amando, Hugo Rafael Ch\u00e1vez Fr\u00edas. <b>VL.<\/b><\/p>\n","protected":false},"excerpt":{"rendered":"<p>Caracas, 07 de julio de 2016. (Cortes\u00eda VTV).- A trav\u00e9s de su cuenta Facebook, el presidente Nicol\u00e1s Maduro record\u00f3 el egreso del comandante Hugo Ch\u00e1vez de la Academia Militar de Venezuela, donde obtuvo el t\u00edtulo de Licenciado en Ciencias y Artes Militares, en el \u00e1rea de Ingenier\u00eda, menci\u00f3n Terrestre con el grado de Subteniente en [&hellip;]<\/p>\n","protected":false},"author":3,"featured_media":3390,"comment_status":"closed","ping_status":"closed","sticky":false,"template":"","format":"standard","meta":[],"categories":[21,2],"tags":[54,23],"_links":{"self":[{"href":"https:\/\/www.espromedbio.gob.ve\/inicio\/wp-json\/wp\/v2\/posts\/3389"}],"collection":[{"href":"https:\/\/www.espromedbio.gob.ve\/inicio\/wp-json\/wp\/v2\/posts"}],"about":[{"href":"https:\/\/www.espromedbio.gob.ve\/inicio\/wp-json\/wp\/v2\/types\/post"}],"author":[{"embeddable":true,"href":"https:\/\/www.espromedbio.gob.ve\/inicio\/wp-json\/wp\/v2\/users\/3"}],"replies":[{"embeddable":true,"href":"https:\/\/www.espromedbio.gob.ve\/inicio\/wp-json\/wp\/v2\/comments?post=3389"}],"version-history":[{"count":1,"href":"https:\/\/www.espromedbio.gob.ve\/inicio\/wp-json\/wp\/v2\/posts\/3389\/revisions"}],"predecessor-version":[{"id":3391,"href":"https:\/\/www.espromedbio.gob.ve\/inicio\/wp-json\/wp\/v2\/posts\/3389\/revisions\/3391"}],"wp:featuredmedia":[{"embeddable":true,"href":"https:\/\/www.espromedbio.gob.ve\/inicio\/wp-json\/wp\/v2\/media\/3390"}],"wp:attachment":[{"href":"https:\/\/www.espromedbio.gob.ve\/inicio\/wp-json\/wp\/v2\/media?parent=3389"}],"wp:term":[{"taxonomy":"category","embeddable":true,"href":"https:\/\/www.espromedbio.gob.ve\/inicio\/wp-json\/wp\/v2\/categories?post=3389"},{"taxonomy":"post_tag","embeddable":true,"href":"https:\/\/www.espromedbio.gob.ve\/inicio\/wp-json\/wp\/v2\/tags?post=3389"}],"curies":[{"name":"wp","href":"https:\/\/api.w.org\/{rel}","templated":true}]}}