{"id":3411,"date":"2016-07-08T09:55:22","date_gmt":"2016-07-08T14:25:22","guid":{"rendered":"http:\/\/espromedbio.gob.ve\/?p=3411"},"modified":"2016-07-08T09:55:22","modified_gmt":"2016-07-08T14:25:22","slug":"presidente-maduro-a-graduandos-de-la-fanb-ustedes-son-la-generacion-que-garantizara-la-defensa-de-la-patria","status":"publish","type":"post","link":"https:\/\/www.espromedbio.gob.ve\/inicio\/presidente-maduro-a-graduandos-de-la-fanb-ustedes-son-la-generacion-que-garantizara-la-defensa-de-la-patria\/","title":{"rendered":"Presidente Maduro a graduandos de la FANB: Ustedes son la generaci\u00f3n que garantizar\u00e1 la defensa de la Patria"},"content":{"rendered":"<p style=\"text-align: justify;\"><strong>Caracas, 07.07.16 (Cortes\u00eda Correo del Orinoco).-<\/strong> El Presidente de la Rep\u00fablica Bolivariana de Venezuela y Comandante en Jefe de la Fuerza Armada Nacional Bolivariana (FANB), Nicol\u00e1s Maduro Moros, asever\u00f3 que los 1.112 alf\u00e9reces y guardiamarinas que se grad\u00faan este jueves ser\u00e1n los militares del siglo XXI quienes luchar\u00e1n por la paz y soberan\u00eda de la patria de Bol\u00edvar y Ch\u00e1vez.<!--more--><\/p>\n<p style=\"text-align: justify;\">\u201cHoy es un acto lleno de honor militar, lleno de amor, de emoci\u00f3n, es un acto lleno de futuro porque aqu\u00ed frente a nosotros tenemos a los l\u00edderes militares del futuro del siglo XXI venezolano. Aqu\u00ed est\u00e1n los generales y almirantes que dentro de 30 a\u00f1os podr\u00e1n mostrar lo que fue la lucha de Venezuela por su derecho a vivir, a la independencia y la paz\u201d, sentenci\u00f3.<\/p>\n<p style=\"text-align: justify;\">El acto de graduaci\u00f3n conjunta de Alf\u00e9reces y Guardiamarinas de la FANB, promoci\u00f3n G\/D Alejandro Peti\u00f3n Bicentenario de los Cayos, se realiza en el Patio de Honor de la Academia Militar, en Caracas, en conmemoraci\u00f3n del bicentenario de esta gesta independentista.<\/p>\n<p style=\"text-align: justify;\">El Jefe de Estado acompa\u00f1ado por el Ministro del Poder Popular para la Defensa, Vladimir Padrino L\u00f3pez y el Rector de la Universidad Militar Bolivariana de Venezuela (UMBV), Alexis Jos\u00e9 Rodr\u00edguez Cabello, entre otras autoridades, hizo entrega de Sables de Honor al personal de Alf\u00e9reces y Guardiamarina de comando, que ocuparon los primeros lugares en el orden de m\u00e9rito correspondiente y condecoraciones a los Oficiales t\u00e9cnicos que obtuvieron los m\u00e1s altos promedios.<\/p>\n","protected":false},"excerpt":{"rendered":"<p>Caracas, 07.07.16 (Cortes\u00eda Correo del Orinoco).- El Presidente de la Rep\u00fablica Bolivariana de Venezuela y Comandante en Jefe de la Fuerza Armada Nacional Bolivariana (FANB), Nicol\u00e1s Maduro Moros, asever\u00f3 que los 1.112 alf\u00e9reces y guardiamarinas que se grad\u00faan este jueves ser\u00e1n los militares del siglo XXI quienes luchar\u00e1n por la paz y soberan\u00eda de la [&hellip;]<\/p>\n","protected":false},"author":3,"featured_media":3412,"comment_status":"closed","ping_status":"closed","sticky":false,"template":"","format":"standard","meta":[],"categories":[21,2],"tags":[23],"_links":{"self":[{"href":"https:\/\/www.espromedbio.gob.ve\/inicio\/wp-json\/wp\/v2\/posts\/3411"}],"collection":[{"href":"https:\/\/www.espromedbio.gob.ve\/inicio\/wp-json\/wp\/v2\/posts"}],"about":[{"href":"https:\/\/www.espromedbio.gob.ve\/inicio\/wp-json\/wp\/v2\/types\/post"}],"author":[{"embeddable":true,"href":"https:\/\/www.espromedbio.gob.ve\/inicio\/wp-json\/wp\/v2\/users\/3"}],"replies":[{"embeddable":true,"href":"https:\/\/www.espromedbio.gob.ve\/inicio\/wp-json\/wp\/v2\/comments?post=3411"}],"version-history":[{"count":1,"href":"https:\/\/www.espromedbio.gob.ve\/inicio\/wp-json\/wp\/v2\/posts\/3411\/revisions"}],"predecessor-version":[{"id":3413,"href":"https:\/\/www.espromedbio.gob.ve\/inicio\/wp-json\/wp\/v2\/posts\/3411\/revisions\/3413"}],"wp:featuredmedia":[{"embeddable":true,"href":"https:\/\/www.espromedbio.gob.ve\/inicio\/wp-json\/wp\/v2\/media\/3412"}],"wp:attachment":[{"href":"https:\/\/www.espromedbio.gob.ve\/inicio\/wp-json\/wp\/v2\/media?parent=3411"}],"wp:term":[{"taxonomy":"category","embeddable":true,"href":"https:\/\/www.espromedbio.gob.ve\/inicio\/wp-json\/wp\/v2\/categories?post=3411"},{"taxonomy":"post_tag","embeddable":true,"href":"https:\/\/www.espromedbio.gob.ve\/inicio\/wp-json\/wp\/v2\/tags?post=3411"}],"curies":[{"name":"wp","href":"https:\/\/api.w.org\/{rel}","templated":true}]}}