{"id":3414,"date":"2016-07-08T13:07:57","date_gmt":"2016-07-08T17:37:57","guid":{"rendered":"http:\/\/espromedbio.gob.ve\/?p=3414"},"modified":"2016-07-08T13:14:19","modified_gmt":"2016-07-08T17:44:19","slug":"congreso-de-la-patria-en-salud","status":"publish","type":"post","link":"https:\/\/www.espromedbio.gob.ve\/inicio\/congreso-de-la-patria-en-salud\/","title":{"rendered":"Congreso latinoamericano debatir\u00e1  sobre Salud Colectiva, Buen Vivir y Poder Popular"},"content":{"rendered":"<p style=\"text-align: center;\">Entre el 28 y el\u00a0 29 de julio, en la UBV-Caracas<\/p>\n<p>&nbsp;<\/p>\n<p style=\"text-align: justify;\"><strong>Caracas, 08-07-16 (Cortes\u00eda).-<\/strong> Entre el 28 y el 29 de julio, se efectuar\u00e1 el II Congreso de la Red de Salud Colectiva, cap\u00edtulo venezolano de la Asociaci\u00f3n Latinoamericana de Medicina Social, en la sede nacional de la Universidad Bolivariana de Venezuela (UBV), ubicada en Los Chaguaramos, Caracas. El evento se orientar\u00e1 con la consigna: \u201dPor un Sistema P\u00fablico \u00danico Nacional de Salud bajo control popular, hacia la Salud Colectiva y el Buen Vivir\u201d.<!--more--><\/p>\n<p style=\"text-align: justify;\">La informaci\u00f3n fue suministrada por el Dr. Jos\u00e9 Le\u00f3n Uzc\u00e1tegui, coordinador nacional de REDSACOL-ALAMES, qui\u00e9n agreg\u00f3 que se espera que m\u00e1s de trescientas personas provenientes de todo el pa\u00eds escuchen intervenciones magistrales y debatan durante los dos d\u00edas sobre Medicina Social, Salud Colectiva, Buen Vivir y Poder Popular.<\/p>\n<p style=\"text-align: justify;\">M\u00e1s de 40 ponencias se han inscrito hasta la fecha sobre los ejes tem\u00e1ticos que se anuncian: Salud Colectiva y Buen Vivir. Experiencia Venezolana; Estrategias organizativas del Poder Popular para la construcci\u00f3n de la Salud Colectiva y el Buen Vivir; y Educaci\u00f3n y formaci\u00f3n para la construcci\u00f3n de la Salud Colectiva y el Buen Vivir.<\/p>\n<p style=\"text-align: justify;\">Vendr\u00e1n invitados de varios pa\u00edses latinoamericanos y en el marco del evento, la Universidad Bolivariana de Venezuela conferir\u00e1 el Doctorado Honoris Causa a la Dra. Mar\u00eda Isabel Rodriguez, ilustre ciudadana salvadore\u00f1a, referencia latinoamericana de la Medicina Social.<\/p>\n<p style=\"text-align: justify;\">En la ma\u00f1ana del viernes 28 de julio expondr\u00e1n conferencias el Dr. Miguel Malo (Ecuador) sobre el Buen Vivir, Oscar Feo sobre la Coyuntura Pol\u00edtica Nacional y la salud, el Dr. Jos\u00e9 Le\u00f3n Uzc\u00e1tegui sobre el Poder Popular en salud, y la Dra. Yadira C\u00f3rdova presentar\u00e1 una semblanza sobre el Comandante Hugo Ch\u00e1vez y la salud en Venezuela. En horas de la tarde expondr\u00e1 la Dra. Luisana Melo, Ministra de Salud, ex-coordinadora de ALAMES Venezuela, sobre el tema central del Congreso: \u201cCONSTRUYENDO CON EL PODER POPULAR LA SALUD COLECTIVA COMO BUEN VIVIR, EN EL MARCO DE LA GUERRA NO CONVENCIONAL\u201d.<\/p>\n<p style=\"text-align: justify;\">Cierra la programaci\u00f3n con la Asamblea de miembros de REDSACOL-ALAMES que se llevar\u00e1 a cabo el s\u00e1bado 29 de julio, en horas de la tarde, en las mismas instalaciones de la UBV. <strong>Foto: Archivo CiudadCCS<\/strong><\/p>\n","protected":false},"excerpt":{"rendered":"<p>Entre el 28 y el\u00a0 29 de julio, en la UBV-Caracas &nbsp; Caracas, 08-07-16 (Cortes\u00eda).- Entre el 28 y el 29 de julio, se efectuar\u00e1 el II Congreso de la Red de Salud Colectiva, cap\u00edtulo venezolano de la Asociaci\u00f3n Latinoamericana de Medicina Social, en la sede nacional de la Universidad Bolivariana de Venezuela (UBV), ubicada [&hellip;]<\/p>\n","protected":false},"author":3,"featured_media":3415,"comment_status":"closed","ping_status":"closed","sticky":false,"template":"","format":"standard","meta":[],"categories":[21,2],"tags":[118,60,66],"_links":{"self":[{"href":"https:\/\/www.espromedbio.gob.ve\/inicio\/wp-json\/wp\/v2\/posts\/3414"}],"collection":[{"href":"https:\/\/www.espromedbio.gob.ve\/inicio\/wp-json\/wp\/v2\/posts"}],"about":[{"href":"https:\/\/www.espromedbio.gob.ve\/inicio\/wp-json\/wp\/v2\/types\/post"}],"author":[{"embeddable":true,"href":"https:\/\/www.espromedbio.gob.ve\/inicio\/wp-json\/wp\/v2\/users\/3"}],"replies":[{"embeddable":true,"href":"https:\/\/www.espromedbio.gob.ve\/inicio\/wp-json\/wp\/v2\/comments?post=3414"}],"version-history":[{"count":4,"href":"https:\/\/www.espromedbio.gob.ve\/inicio\/wp-json\/wp\/v2\/posts\/3414\/revisions"}],"predecessor-version":[{"id":3420,"href":"https:\/\/www.espromedbio.gob.ve\/inicio\/wp-json\/wp\/v2\/posts\/3414\/revisions\/3420"}],"wp:featuredmedia":[{"embeddable":true,"href":"https:\/\/www.espromedbio.gob.ve\/inicio\/wp-json\/wp\/v2\/media\/3415"}],"wp:attachment":[{"href":"https:\/\/www.espromedbio.gob.ve\/inicio\/wp-json\/wp\/v2\/media?parent=3414"}],"wp:term":[{"taxonomy":"category","embeddable":true,"href":"https:\/\/www.espromedbio.gob.ve\/inicio\/wp-json\/wp\/v2\/categories?post=3414"},{"taxonomy":"post_tag","embeddable":true,"href":"https:\/\/www.espromedbio.gob.ve\/inicio\/wp-json\/wp\/v2\/tags?post=3414"}],"curies":[{"name":"wp","href":"https:\/\/api.w.org\/{rel}","templated":true}]}}