{"id":3424,"date":"2016-07-11T08:42:56","date_gmt":"2016-07-11T13:12:56","guid":{"rendered":"http:\/\/espromedbio.gob.ve\/?p=3424"},"modified":"2016-07-11T08:53:19","modified_gmt":"2016-07-11T13:23:19","slug":"inauguran-area-de-cirugia-plastica-y-buco-maxilofacial-en-el-hospital-razetti","status":"publish","type":"post","link":"https:\/\/www.espromedbio.gob.ve\/inicio\/inauguran-area-de-cirugia-plastica-y-buco-maxilofacial-en-el-hospital-razetti\/","title":{"rendered":"Inauguran \u00e1rea de cirug\u00eda pl\u00e1stica y buco maxilofacial en el Hospital Razetti"},"content":{"rendered":"<p style=\"text-align: justify;\"><strong>Anzo\u00e1tegui, 08.07.16 (Cortes\u00eda Correo del Orinoco).-<\/strong>\u00a0Tras una inversi\u00f3n de 25 millones de bol\u00edvares, el Gobierno Revolucionario del estado Anzo\u00e1tegui puso en marcha este viernes la unidad de cirug\u00eda pl\u00e1stica reconstructiva y buco maxilofacial del Centro Regional Dr. Jos\u00e9 Gregorio Hern\u00e1ndez, ubicado en el Complejo Hospitalario Dr. Luis Razetti de Barcelona, con el fin de seguir brindando respuesta oportuna a usuarios y familiares de pacientes del oriente del pa\u00eds.<!--more--><\/p>\n<p style=\"text-align: justify;\">La inauguraci\u00f3n estuvo encabezada por el primer mandatario regional, Nelson Moreno, quien inform\u00f3 que se han invertido cerca de mil millones de bol\u00edvares en infraestructura y dotaci\u00f3n, \u201cpara el \u00e1rea de la cocina se destinaron cerca de 390 millones de bol\u00edvares, para la incorporaci\u00f3n de 7 cavas de refrigeraci\u00f3n de alimentos\u201d.<\/p>\n<p style=\"text-align: justify;\">As\u00ed mismo, indic\u00f3 que ser\u00e1n instalados dos aires acondicionados, valorados, cada uno de ellos, en doscientos millones de bol\u00edvares para la climatizaci\u00f3n de la sala de emergencia, \u201cde la misma manera se realizan las rehabilitaciones en estas \u00e1reas con respecto a la impermeabilizaci\u00f3n y recuperaci\u00f3n de paredes de dicha estructura\u00bb.<\/p>\n<p style=\"text-align: justify;\">En este mismo orden de ideas, Moreno se\u00f1al\u00f3 que en el \u00e1rea renal se adquirieron aparatos novedosos y de alta tecnolog\u00eda, con una inversi\u00f3n de 70 millones de bol\u00edvares, adem\u00e1s se tiene previsto la colocaci\u00f3n del sistema de enfriamiento para el \u00e1rea de terapia intensiva y as\u00ed garantizar operatividad de este importante recinto.<\/p>\n<p style=\"text-align: justify;\">En cuanto a la seguridad, el Gobernador anunci\u00f3 que a partir de este lunes se va a dar inicio al sistema electr\u00f3nico y satelital de vigilancia en las instalaciones del complejo de salud.<\/p>\n<p style=\"text-align: justify;\">Por su parte, la doctora Karla Maita, Jefa de la Unidad de Cirug\u00eda Pl\u00e1stica, Reconstructiva y Buco Maxilofacial expres\u00f3 que con la activaci\u00f3n del \u00e1rea quir\u00fargica se le dar\u00e1 soluciones a los pacientes con malformaciones cong\u00e9nitas del rostro tales como: paladares hendidos, traumatismos faciales, pacientes quemados, tumores maxilofaciales, adem\u00e1s personas con diagn\u00f3sticos de c\u00e1ncer de piel que necesitan cirug\u00edas reconstructivas. Se\u00f1al\u00f3 que a partir de lunes comienza la operatividad del \u00e1rea asistencial para atender dichas patolog\u00edas.\u00a0<strong>Texto y foto\/ Prensa Gobernaci\u00f3n Anzo\u00e1tegui<\/strong><\/p>\n","protected":false},"excerpt":{"rendered":"<p>Anzo\u00e1tegui, 08.07.16 (Cortes\u00eda Correo del Orinoco).-\u00a0Tras una inversi\u00f3n de 25 millones de bol\u00edvares, el Gobierno Revolucionario del estado Anzo\u00e1tegui puso en marcha este viernes la unidad de cirug\u00eda pl\u00e1stica reconstructiva y buco maxilofacial del Centro Regional Dr. Jos\u00e9 Gregorio Hern\u00e1ndez, ubicado en el Complejo Hospitalario Dr. Luis Razetti de Barcelona, con el fin de seguir [&hellip;]<\/p>\n","protected":false},"author":3,"featured_media":3426,"comment_status":"closed","ping_status":"closed","sticky":false,"template":"","format":"standard","meta":[],"categories":[21,2],"tags":[27,66],"_links":{"self":[{"href":"https:\/\/www.espromedbio.gob.ve\/inicio\/wp-json\/wp\/v2\/posts\/3424"}],"collection":[{"href":"https:\/\/www.espromedbio.gob.ve\/inicio\/wp-json\/wp\/v2\/posts"}],"about":[{"href":"https:\/\/www.espromedbio.gob.ve\/inicio\/wp-json\/wp\/v2\/types\/post"}],"author":[{"embeddable":true,"href":"https:\/\/www.espromedbio.gob.ve\/inicio\/wp-json\/wp\/v2\/users\/3"}],"replies":[{"embeddable":true,"href":"https:\/\/www.espromedbio.gob.ve\/inicio\/wp-json\/wp\/v2\/comments?post=3424"}],"version-history":[{"count":3,"href":"https:\/\/www.espromedbio.gob.ve\/inicio\/wp-json\/wp\/v2\/posts\/3424\/revisions"}],"predecessor-version":[{"id":3429,"href":"https:\/\/www.espromedbio.gob.ve\/inicio\/wp-json\/wp\/v2\/posts\/3424\/revisions\/3429"}],"wp:featuredmedia":[{"embeddable":true,"href":"https:\/\/www.espromedbio.gob.ve\/inicio\/wp-json\/wp\/v2\/media\/3426"}],"wp:attachment":[{"href":"https:\/\/www.espromedbio.gob.ve\/inicio\/wp-json\/wp\/v2\/media?parent=3424"}],"wp:term":[{"taxonomy":"category","embeddable":true,"href":"https:\/\/www.espromedbio.gob.ve\/inicio\/wp-json\/wp\/v2\/categories?post=3424"},{"taxonomy":"post_tag","embeddable":true,"href":"https:\/\/www.espromedbio.gob.ve\/inicio\/wp-json\/wp\/v2\/tags?post=3424"}],"curies":[{"name":"wp","href":"https:\/\/api.w.org\/{rel}","templated":true}]}}