{"id":3436,"date":"2016-07-11T10:11:00","date_gmt":"2016-07-11T14:41:00","guid":{"rendered":"http:\/\/espromedbio.gob.ve\/?p=3436"},"modified":"2016-07-11T10:11:00","modified_gmt":"2016-07-11T14:41:00","slug":"jornada-medica-atendio-mas-de-600-indigenas-en-la-gran-sabana","status":"publish","type":"post","link":"https:\/\/www.espromedbio.gob.ve\/inicio\/jornada-medica-atendio-mas-de-600-indigenas-en-la-gran-sabana\/","title":{"rendered":"Jornada m\u00e9dica atendi\u00f3 m\u00e1s de 600 ind\u00edgenas en la Gran Sabana"},"content":{"rendered":"<p class=\"subtitle\" style=\"text-align: center;\">Participaron m\u00e9dicos comunitarios<\/p>\n<p style=\"text-align: justify;\"><strong>08.07.16 (Cortes\u00eda Correo del Orinoco).-<\/strong> M\u00e1s de 600 originarios de la etnia Pem\u00f3n fueron abordados con una jornada m\u00e9dico asistencial gratuita en el municipio Gran Sabana, estado Bol\u00edvar, como parte del programa del Ministerio del Poder Popular para la Salud de acompa\u00f1amiento a comunidades ind\u00edgenas en lugares apartados del pa\u00eds.<!--more--><\/p>\n<p style=\"text-align: justify;\">Sobre la jornada efectuada en el sector 5 del municipio Gran Sabana, la directora general de Salud Ind\u00edgena Intercultural y Terapias Complementarias del Ministerio, Keyrineth Fern\u00e1ndez Epieyo, destac\u00f3 que en esta oportunidad dicha comunidad recibi\u00f3 atenci\u00f3n en medicina general, odontolog\u00eda y dotaci\u00f3n de medicamentos, rese\u00f1a una nota de prensa del despacho.<\/p>\n<p style=\"text-align: justify;\">Asimismo, destac\u00f3 que esta jornada abarc\u00f3 tambi\u00e9n comunidades ind\u00edgenas de dif\u00edcil acceso de Santa Cruz, de Mapauri; San Marcos, de Agua Fr\u00eda; Vista Alegre, de Kama; Monte Bello y San Juan, de Kamoiran, y Campo Alegre.<\/p>\n<p style=\"text-align: justify;\">Entre los s\u00edntomas tratados, Fern\u00e1ndez Epieyo mencion\u00f3 tos severa, fiebre, diarrea y paludismo.<\/p>\n<p style=\"text-align: justify;\">La jornada cont\u00f3 con la participaci\u00f3n de m\u00e9dicos integrales comunitarios, del Hospital Universitario de Maracaibo, y el equipo de trabajadoras sociales del Servicio de Orientaci\u00f3n al Ind\u00edgena, adem\u00e1s de personal de la Direcci\u00f3n de Salud Ind\u00edgena Intercultural y Terapias Complementarias del ministerio.<\/p>\n<p style=\"text-align: justify;\">Por parte de las etnias estuvieron presentes el presidente de la Federaci\u00f3n Ind\u00edgena, \u00c1lvaro Fern\u00e1ndez; y Jean Carlos Vel\u00e1squez, capit\u00e1n general de las comunidades ind\u00edgenas del sector 5 del municipio Gran Sabana.<\/p>\n<p style=\"text-align: justify;\">Estas jornadas cuentan con el apoyo de entes gubernamentales como el Instituto de Salud P\u00fablica, el Distrito Sanitario del municipio Gran Sabana, Protecci\u00f3n Civil y Ofidiologia, la Federaci\u00f3n Ind\u00edgena y el Instituto Nacional de Parques (Inparques).<\/p>\n<p style=\"text-align: justify;\">Fern\u00e1ndez Epieyo adelant\u00f3 que para noviembre pr\u00f3ximo se realizar\u00e1 el abordaje a nuevas comunidades de dif\u00edcil acceso, en las que ofrecer\u00e1n servicios de ginecolog\u00eda, urolog\u00eda y planificaci\u00f3n familiar.\u00a0<strong>Texto\/AVN.\u00a0Foto\/Archivo<\/strong><\/p>\n<p class=\"subtitle\" style=\"text-align: center;\">\n","protected":false},"excerpt":{"rendered":"<p>Participaron m\u00e9dicos comunitarios 08.07.16 (Cortes\u00eda Correo del Orinoco).- M\u00e1s de 600 originarios de la etnia Pem\u00f3n fueron abordados con una jornada m\u00e9dico asistencial gratuita en el municipio Gran Sabana, estado Bol\u00edvar, como parte del programa del Ministerio del Poder Popular para la Salud de acompa\u00f1amiento a comunidades ind\u00edgenas en lugares apartados del pa\u00eds.<\/p>\n","protected":false},"author":3,"featured_media":3437,"comment_status":"closed","ping_status":"closed","sticky":false,"template":"","format":"standard","meta":[],"categories":[21,2],"tags":[60,73],"_links":{"self":[{"href":"https:\/\/www.espromedbio.gob.ve\/inicio\/wp-json\/wp\/v2\/posts\/3436"}],"collection":[{"href":"https:\/\/www.espromedbio.gob.ve\/inicio\/wp-json\/wp\/v2\/posts"}],"about":[{"href":"https:\/\/www.espromedbio.gob.ve\/inicio\/wp-json\/wp\/v2\/types\/post"}],"author":[{"embeddable":true,"href":"https:\/\/www.espromedbio.gob.ve\/inicio\/wp-json\/wp\/v2\/users\/3"}],"replies":[{"embeddable":true,"href":"https:\/\/www.espromedbio.gob.ve\/inicio\/wp-json\/wp\/v2\/comments?post=3436"}],"version-history":[{"count":2,"href":"https:\/\/www.espromedbio.gob.ve\/inicio\/wp-json\/wp\/v2\/posts\/3436\/revisions"}],"predecessor-version":[{"id":3439,"href":"https:\/\/www.espromedbio.gob.ve\/inicio\/wp-json\/wp\/v2\/posts\/3436\/revisions\/3439"}],"wp:featuredmedia":[{"embeddable":true,"href":"https:\/\/www.espromedbio.gob.ve\/inicio\/wp-json\/wp\/v2\/media\/3437"}],"wp:attachment":[{"href":"https:\/\/www.espromedbio.gob.ve\/inicio\/wp-json\/wp\/v2\/media?parent=3436"}],"wp:term":[{"taxonomy":"category","embeddable":true,"href":"https:\/\/www.espromedbio.gob.ve\/inicio\/wp-json\/wp\/v2\/categories?post=3436"},{"taxonomy":"post_tag","embeddable":true,"href":"https:\/\/www.espromedbio.gob.ve\/inicio\/wp-json\/wp\/v2\/tags?post=3436"}],"curies":[{"name":"wp","href":"https:\/\/api.w.org\/{rel}","templated":true}]}}