{"id":3483,"date":"2016-07-18T11:33:00","date_gmt":"2016-07-18T16:03:00","guid":{"rendered":"http:\/\/espromedbio.gob.ve\/?p=3483"},"modified":"2016-07-18T11:33:00","modified_gmt":"2016-07-18T16:03:00","slug":"venezuela-se-une-al-jubilo-mundial-por-celebracion-de-dia-internacional-de-mandela","status":"publish","type":"post","link":"https:\/\/www.espromedbio.gob.ve\/inicio\/venezuela-se-une-al-jubilo-mundial-por-celebracion-de-dia-internacional-de-mandela\/","title":{"rendered":"Venezuela se une al j\u00fabilo mundial por celebraci\u00f3n de D\u00eda Internacional de Mandela"},"content":{"rendered":"<p class=\"subtitle\" style=\"text-align: center;\"><em>Comunicado del Mppre<\/em><\/p>\n<p><strong>Caracas, 18.07.16 (Cortes\u00eda Correo del Orinoco).-<\/strong> El Gobierno de la Rep\u00fablica Bolivariana de Venezuela, a trav\u00e9s de un comunicado oficial del Ministerio del Poder Popular para Relaciones Exteriores, se une al j\u00fabilo mundial por celebraci\u00f3n de D\u00eda Internacional de Mandela, quien durante 67 a\u00f1os dedic\u00f3 su vida al servicio de la humanidad, por la paz y la defensa de los derechos humanos.<!--more--><\/p>\n<p>A continuaci\u00f3n el texto \u00edntegro:<\/p>\n<h6 style=\"text-align: center;\">REP\u00daBLICA BOLIVARIANA DE VENEZUELA<\/h6>\n<h6 style=\"text-align: center;\">MINISTERIO DEL PODER POPULAR PARA<\/h6>\n<h6 style=\"text-align: center;\">RELACIONES EXTERIORES<\/h6>\n<h6 style=\"text-align: center;\">COMUNICADO<\/h6>\n<p><span style=\"color: #000000;\"><em>El Presidente de la Rep\u00fablica Bolivariana de Venezuela, Nicol\u00e1s Maduro Moros, en nombre del Pueblo y el Gobierno Bolivariano se une al j\u00fabilo mundial por el D\u00eda Internacional de Mandela, dedicado a quien ofrend\u00f3 su vida al servicio de la humanidad como preso de conciencia, como defensor \u00edntegro de los derechos humanos, trabajador por la paz, la libertad absoluta, la no discriminaci\u00f3n y la igualdad.<\/em><\/span><\/p>\n<p><span style=\"color: #000000;\"><em>En este d\u00eda, 18 de julio, aniversario de Nelson Mandela, la Patria de Sim\u00f3n Bol\u00edvar, de Francisco de Miranda, y Hugo Ch\u00e1vez honran la memoria y el pensamiento de quien es ejemplo eterno de perseverancia para la Rep\u00fablica de Sud\u00e1frica y el Mundo entero.<\/em><\/span><\/p>\n<p><span style=\"color: #000000;\"><em>En sus palabras se recogen los principios que todo hombre y mujer patriota deben tomar como ruta de vida: \u201cCuando un hombre ha hecho lo que \u00e9l considera como su deber para con su pueblo y su pa\u00eds, puede descansar en paz. Creo que he hecho ese esfuerzo y que, por lo tanto, dormir\u00e9 para la eternidad\u201d.<\/em><\/span><\/p>\n<p><span style=\"color: #000000;\"><em>La Rep\u00fablica Bolivariana de Venezuela acompa\u00f1a a la Rep\u00fablica de Sud\u00e1frica y su pueblo, en la celebraci\u00f3n mundial de este d\u00eda que resalta los valores humanos m\u00e1s sublimes que leg\u00f3 Nelson Mandela a la humanidad entera.<\/em><\/span><\/p>\n<p><span style=\"color: #000000;\"><em>Feliz d\u00eda Mandela, Feliz d\u00eda Sud\u00e1frica!!!!!!!!<\/em><\/span><\/p>\n<p><span style=\"color: #000000;\"><em>Caracas, 18 de julio de 2016<\/em><\/span><\/p>\n<h6>Texto\/Prensa Mppre<br \/>\nFoto\/Archivo<\/h6>\n","protected":false},"excerpt":{"rendered":"<p>Comunicado del Mppre Caracas, 18.07.16 (Cortes\u00eda Correo del Orinoco).- El Gobierno de la Rep\u00fablica Bolivariana de Venezuela, a trav\u00e9s de un comunicado oficial del Ministerio del Poder Popular para Relaciones Exteriores, se une al j\u00fabilo mundial por celebraci\u00f3n de D\u00eda Internacional de Mandela, quien durante 67 a\u00f1os dedic\u00f3 su vida al servicio de la humanidad, [&hellip;]<\/p>\n","protected":false},"author":3,"featured_media":3484,"comment_status":"closed","ping_status":"closed","sticky":false,"template":"","format":"standard","meta":[],"categories":[21,2],"tags":[74,23,28],"_links":{"self":[{"href":"https:\/\/www.espromedbio.gob.ve\/inicio\/wp-json\/wp\/v2\/posts\/3483"}],"collection":[{"href":"https:\/\/www.espromedbio.gob.ve\/inicio\/wp-json\/wp\/v2\/posts"}],"about":[{"href":"https:\/\/www.espromedbio.gob.ve\/inicio\/wp-json\/wp\/v2\/types\/post"}],"author":[{"embeddable":true,"href":"https:\/\/www.espromedbio.gob.ve\/inicio\/wp-json\/wp\/v2\/users\/3"}],"replies":[{"embeddable":true,"href":"https:\/\/www.espromedbio.gob.ve\/inicio\/wp-json\/wp\/v2\/comments?post=3483"}],"version-history":[{"count":1,"href":"https:\/\/www.espromedbio.gob.ve\/inicio\/wp-json\/wp\/v2\/posts\/3483\/revisions"}],"predecessor-version":[{"id":3485,"href":"https:\/\/www.espromedbio.gob.ve\/inicio\/wp-json\/wp\/v2\/posts\/3483\/revisions\/3485"}],"wp:featuredmedia":[{"embeddable":true,"href":"https:\/\/www.espromedbio.gob.ve\/inicio\/wp-json\/wp\/v2\/media\/3484"}],"wp:attachment":[{"href":"https:\/\/www.espromedbio.gob.ve\/inicio\/wp-json\/wp\/v2\/media?parent=3483"}],"wp:term":[{"taxonomy":"category","embeddable":true,"href":"https:\/\/www.espromedbio.gob.ve\/inicio\/wp-json\/wp\/v2\/categories?post=3483"},{"taxonomy":"post_tag","embeddable":true,"href":"https:\/\/www.espromedbio.gob.ve\/inicio\/wp-json\/wp\/v2\/tags?post=3483"}],"curies":[{"name":"wp","href":"https:\/\/api.w.org\/{rel}","templated":true}]}}