{"id":3528,"date":"2016-07-22T10:36:45","date_gmt":"2016-07-22T15:06:45","guid":{"rendered":"http:\/\/espromedbio.gob.ve\/?p=3528"},"modified":"2016-07-22T10:36:45","modified_gmt":"2016-07-22T15:06:45","slug":"maduro-reitera-que-el-dialogo-es-fundamental-para-reforzar-la-soberania-y-paz-del-pais","status":"publish","type":"post","link":"https:\/\/www.espromedbio.gob.ve\/inicio\/maduro-reitera-que-el-dialogo-es-fundamental-para-reforzar-la-soberania-y-paz-del-pais\/","title":{"rendered":"Maduro reitera que el di\u00e1logo es fundamental para reforzar la soberan\u00eda y paz del pa\u00eds"},"content":{"rendered":"<p class=\"subtitle\" style=\"text-align: center;\">Tras encuentro con representantes de Unasur<\/p>\n<p style=\"text-align: justify;\"><strong>Caracas, 21.07.16 (Cortes\u00eda Correo del Orinoco).-<\/strong> El Mandatario Nacional Nicol\u00e1s Maduro reiter\u00f3 este jueves que el di\u00e1logo es fundamental para reforzar la soberan\u00eda y defender la paz del pa\u00eds.<!--more--><\/p>\n<p style=\"text-align: justify;\">\u201cHemos pasado revista de lo positivo del di\u00e1logo, del intercambio de opciones y propuestas, agradezco todo el esfuerzo que est\u00e1n haciendo el secretario de Unasur y los ex-presidentes, de esta forma se va abriendo el camino hacia lo que tiene que consolidarse, un proceso de di\u00e1logo pol\u00edtico sobre los temas fundamentales de los venezolanos\u201d, dijo tras reunirse con representantes de la Uni\u00f3n de Naciones Suramericanas (Unasur), en el Palacio de Miraflores, en Caracas.<\/p>\n<p style=\"text-align: justify;\">Maduro agradeci\u00f3 a Ernesto Samper por la dedicaci\u00f3n a los temas de Am\u00e9rica Latina y el mensaje que siempre lleva en defensa de la paz y uni\u00f3n del Continente, al igual que el esfuerzo realizado por los ex-presidentes.<\/p>\n<p style=\"text-align: justify;\">\u201cHa sido una muy buena conversaci\u00f3n con el Secretario General, con los ex- presidentes Jos\u00e9 Luis Rodr\u00edguez Zapatero (Espa\u00f1a), Mart\u00edn Torrijos (Panam\u00e1) y Leonel Fern\u00e1ndez (Rep\u00fablica Dominicana), quienes est\u00e1n en una jornada intensa de di\u00e1logo por la paz de Venezuela, han tenido 48 horas de reuniones con las delegaciones de la oposici\u00f3n venezolana y del gobierno\u201d, indic\u00f3.<\/p>\n<p style=\"text-align: justify;\">Por su parte, el secretario General de la Unasur Ernesto Samper, agradeci\u00f3 en nombre del organismo que representa, la oportunidad de poder constatar la voluntad de di\u00e1logo en Venezuela.<\/p>\n<p style=\"text-align: justify;\">\u201cHemos estado auscultando esta voluntad de di\u00e1logo, creemos que hay un sentimiento mayoritario en favor de esta opci\u00f3n para que Venezuela vaya adelante, nosotros no pretendemos sustituir a los venezolanos, queremos facilitar las condiciones para que se establezca el di\u00e1logo\u201d, se\u00f1al\u00f3.<\/p>\n<p style=\"text-align: justify;\">En este sentido, agreg\u00f3 que los esfuerzos que se est\u00e1n haciendo van por buen camino. \u201cRenovamos nuestra disposici\u00f3n para que los equipos de Unasur puedan ayudar al buen \u00e9xito de estos programas que todos los venezolanos desean y esperan\u201d.<\/p>\n<p style=\"text-align: justify;\">Por \u00faltimo, Samper resalt\u00f3 que han encontrado una aceptaci\u00f3n en las partes para que la tarea de facilitaci\u00f3n y acompa\u00f1amiento se vea respaldada por el Vaticano, \u201ces una buena noticia, que nos va a enriquecer espiritualmente y pol\u00edticamente\u201d.\u00a0<strong>T\/ Margiolet Rico\/F\/ @PresidencialVen<\/strong><\/p>\n","protected":false},"excerpt":{"rendered":"<p>Tras encuentro con representantes de Unasur Caracas, 21.07.16 (Cortes\u00eda Correo del Orinoco).- El Mandatario Nacional Nicol\u00e1s Maduro reiter\u00f3 este jueves que el di\u00e1logo es fundamental para reforzar la soberan\u00eda y defender la paz del pa\u00eds.<\/p>\n","protected":false},"author":3,"featured_media":3529,"comment_status":"closed","ping_status":"closed","sticky":false,"template":"","format":"standard","meta":[],"categories":[21,2],"tags":[51,23],"_links":{"self":[{"href":"https:\/\/www.espromedbio.gob.ve\/inicio\/wp-json\/wp\/v2\/posts\/3528"}],"collection":[{"href":"https:\/\/www.espromedbio.gob.ve\/inicio\/wp-json\/wp\/v2\/posts"}],"about":[{"href":"https:\/\/www.espromedbio.gob.ve\/inicio\/wp-json\/wp\/v2\/types\/post"}],"author":[{"embeddable":true,"href":"https:\/\/www.espromedbio.gob.ve\/inicio\/wp-json\/wp\/v2\/users\/3"}],"replies":[{"embeddable":true,"href":"https:\/\/www.espromedbio.gob.ve\/inicio\/wp-json\/wp\/v2\/comments?post=3528"}],"version-history":[{"count":1,"href":"https:\/\/www.espromedbio.gob.ve\/inicio\/wp-json\/wp\/v2\/posts\/3528\/revisions"}],"predecessor-version":[{"id":3530,"href":"https:\/\/www.espromedbio.gob.ve\/inicio\/wp-json\/wp\/v2\/posts\/3528\/revisions\/3530"}],"wp:featuredmedia":[{"embeddable":true,"href":"https:\/\/www.espromedbio.gob.ve\/inicio\/wp-json\/wp\/v2\/media\/3529"}],"wp:attachment":[{"href":"https:\/\/www.espromedbio.gob.ve\/inicio\/wp-json\/wp\/v2\/media?parent=3528"}],"wp:term":[{"taxonomy":"category","embeddable":true,"href":"https:\/\/www.espromedbio.gob.ve\/inicio\/wp-json\/wp\/v2\/categories?post=3528"},{"taxonomy":"post_tag","embeddable":true,"href":"https:\/\/www.espromedbio.gob.ve\/inicio\/wp-json\/wp\/v2\/tags?post=3528"}],"curies":[{"name":"wp","href":"https:\/\/api.w.org\/{rel}","templated":true}]}}