{"id":3531,"date":"2016-07-22T15:07:17","date_gmt":"2016-07-22T19:37:17","guid":{"rendered":"http:\/\/espromedbio.gob.ve\/?p=3531"},"modified":"2016-07-22T15:07:17","modified_gmt":"2016-07-22T19:37:17","slug":"salud-bucal-va-a-la-escuela-en-los-24-estados-del-pais","status":"publish","type":"post","link":"https:\/\/www.espromedbio.gob.ve\/inicio\/salud-bucal-va-a-la-escuela-en-los-24-estados-del-pais\/","title":{"rendered":"Salud Bucal va a la Escuela en los 24 estados del pa\u00eds"},"content":{"rendered":"<p style=\"text-align: center;\">Para fomentar una adecuada higiene dental en nuestros ni\u00f1os<\/p>\n<p style=\"text-align: justify;\"><strong>Caracas, 22.07.16 (Cortes\u00eda Prensa MPPS).-<\/strong>\u00a0Desde el Ministerio del Poder Popular para la Salud (MPPS), se promueve y previene la Salud Bucal en las 24 regiones del pa\u00eds, dando los lineamientos en el plan de abordaje para trabajar en todos los centros educativos con el programa La Salud Bucal va a la Escuela, y creando de esta manera una adecuada formaci\u00f3n en la higiene bucal de los ni\u00f1os y ni\u00f1as en toda Venezuela.<\/p>\n<div style=\"text-align: justify;\">\n<p>As\u00ed lo indic\u00f3 Jos\u00e9 Juan Delgado, coordinador de la Divisi\u00f3n Nacional de Salud Bucal, \u201cestamos llevando la primera reuni\u00f3n semestral de Coordinadores Regionales de Salud Bucal, donde se est\u00e1n dictando lineamientos y normativas con un enfoque en la promoci\u00f3n y prevenci\u00f3n del programa La Salud Bucal va a la Escuela.<\/p>\n<\/div>\n<p style=\"text-align: justify;\">Los 24 Coordinadores Regionales del programa Salud Bucal a nivel nacional est\u00e1n asistiendo a estas reuniones con el objetivo de promover buena salud e higiene bucal al iniciar el per\u00edodo de clases: \u201cLos coordinadores de cada estado dictan lineamientos\u00a0\u00a0a los odont\u00f3logos para trabajar m\u00e1s organizadamente con un plan espec\u00edfico y de esta forma, atender a los escolares entre 6 a 12 a\u00f1os de edad\u201d, precis\u00f3 Jos\u00e9 Juan.<\/p>\n<div style=\"text-align: justify;\">\n<p>Asimismo, indico que a los ni\u00f1os se les est\u00e1 realizando una serie de cuidados odontol\u00f3gicos para crear una buena educaci\u00f3n bucal y de esta manera, tener una adecuada higiene: \u201cSe est\u00e1 haciendo aplicaciones t\u00f3picas de fl\u00faor, adem\u00e1s se les est\u00e1 ense\u00f1ando t\u00e9cnicas del cepillado, en cada aula de clases debe existir el cepillero escolar, donde cada ni\u00f1o con su maestra debe cepillar sus dientes creando un h\u00e1bito del cepillado, reduciendo el porcentaje de caries en los ni\u00f1os y ni\u00f1as del pa\u00eds\u201d.<\/p>\n<\/div>\n<p style=\"text-align: justify;\">De igual forma, Jos\u00e9 Juan indic\u00f3 que en esta reuni\u00f3n cada Coordinador presenta un an\u00e1lisis correspondiente a su estado para llevar un seguimiento de la llegada y distribuci\u00f3n de los suministros e insumos.<\/p>\n<div style=\"text-align: justify;\">\n<p>\u201cEn las regiones hemos conformado el Estado Mayor de Salud Bucal, donde nuestros Coordinadores se re\u00fanen con las m\u00e1ximas autoridades del Ipasme, Sanidad Militar, Gobernaciones y Alcald\u00edas que llevan servicio odontol\u00f3gicos, para tener un mismo criterio y de esta manera unificarnos con estas actividades odontol\u00f3gicas.\u201d, explic\u00f3 Jos\u00e9 Juan.<\/p>\n<\/div>\n<p style=\"text-align: justify;\">Por su parte, Carmen Quintero, coordinadora de Salud Bucal del estado T\u00e1chira, puntualiz\u00f3: \u201cEstamos tratando de incentivar desde los cuidados iniciales la salud bucal, no necesariamente con las t\u00e9cnicas del cepillado, sino tambi\u00e9n haciendo aperturas a nuevos conceptos, para que los ni\u00f1os entiendan por qu\u00e9 es necesario cuidar los dientes iniciales para que exista el recambio dental oportuno\u201d.<\/p>\n<div>\n<p style=\"text-align: justify;\">Tambi\u00e9n indic\u00f3 que est\u00e1n realizando visitas a las instituciones de personas con discapacidad\u00a0\u00a0y los grupos priorizados, como son los privados de libertad, consultas prenatales, tratando de ampliar los conocimientos oportunos para tener una exitosa higiene bucal.\u00a0<strong>Mariel Gadaleta.<\/strong><\/p>\n<\/div>\n<p>.<\/p>\n<p>&nbsp;<\/p>\n<p>&nbsp;<\/p>\n<p>&nbsp;<\/p>\n<p>&nbsp;<\/p>\n<p>&nbsp;<\/p>\n<p>&nbsp;<\/p>\n<p>&nbsp;<\/p>\n<p>&nbsp;<\/p>\n<p>&nbsp;<\/p>\n<p>&nbsp;<\/p>\n<p>&nbsp;<\/p>\n<p>&nbsp;<\/p>\n<p>&nbsp;<\/p>\n<p>&nbsp;<\/p>\n<p>&nbsp;<\/p>\n<p>&nbsp;<\/p>\n<p>&nbsp;<\/p>\n<p>&nbsp;<\/p>\n<p>&nbsp;<\/p>\n<p>&nbsp;<\/p>\n<p>&nbsp;<\/p>\n<p>&nbsp;<\/p>\n<p>&nbsp;<\/p>\n<p>&nbsp;<\/p>\n<p>&nbsp;<\/p>\n<p>&nbsp;<\/p>\n<p>&nbsp;<\/p>\n<p>&nbsp;<\/p>\n","protected":false},"excerpt":{"rendered":"<p>Para fomentar una adecuada higiene dental en nuestros ni\u00f1os Caracas, 22.07.16 (Cortes\u00eda Prensa MPPS).-\u00a0Desde el Ministerio del Poder Popular para la Salud (MPPS), se promueve y previene la Salud Bucal en las 24 regiones del pa\u00eds, dando los lineamientos en el plan de abordaje para trabajar en todos los centros educativos con el programa La [&hellip;]<\/p>\n","protected":false},"author":3,"featured_media":3532,"comment_status":"closed","ping_status":"closed","sticky":false,"template":"","format":"standard","meta":[],"categories":[21,2],"tags":[60,30,66],"_links":{"self":[{"href":"https:\/\/www.espromedbio.gob.ve\/inicio\/wp-json\/wp\/v2\/posts\/3531"}],"collection":[{"href":"https:\/\/www.espromedbio.gob.ve\/inicio\/wp-json\/wp\/v2\/posts"}],"about":[{"href":"https:\/\/www.espromedbio.gob.ve\/inicio\/wp-json\/wp\/v2\/types\/post"}],"author":[{"embeddable":true,"href":"https:\/\/www.espromedbio.gob.ve\/inicio\/wp-json\/wp\/v2\/users\/3"}],"replies":[{"embeddable":true,"href":"https:\/\/www.espromedbio.gob.ve\/inicio\/wp-json\/wp\/v2\/comments?post=3531"}],"version-history":[{"count":1,"href":"https:\/\/www.espromedbio.gob.ve\/inicio\/wp-json\/wp\/v2\/posts\/3531\/revisions"}],"predecessor-version":[{"id":3533,"href":"https:\/\/www.espromedbio.gob.ve\/inicio\/wp-json\/wp\/v2\/posts\/3531\/revisions\/3533"}],"wp:featuredmedia":[{"embeddable":true,"href":"https:\/\/www.espromedbio.gob.ve\/inicio\/wp-json\/wp\/v2\/media\/3532"}],"wp:attachment":[{"href":"https:\/\/www.espromedbio.gob.ve\/inicio\/wp-json\/wp\/v2\/media?parent=3531"}],"wp:term":[{"taxonomy":"category","embeddable":true,"href":"https:\/\/www.espromedbio.gob.ve\/inicio\/wp-json\/wp\/v2\/categories?post=3531"},{"taxonomy":"post_tag","embeddable":true,"href":"https:\/\/www.espromedbio.gob.ve\/inicio\/wp-json\/wp\/v2\/tags?post=3531"}],"curies":[{"name":"wp","href":"https:\/\/api.w.org\/{rel}","templated":true}]}}