{"id":3547,"date":"2016-07-25T08:49:38","date_gmt":"2016-07-25T13:19:38","guid":{"rendered":"http:\/\/espromedbio.gob.ve\/?p=3547"},"modified":"2016-07-25T08:49:38","modified_gmt":"2016-07-25T13:19:38","slug":"hace-193-anos-las-fuerzas-patriotas-consolidan-la-independencia-en-el-lago-de-maracaibo","status":"publish","type":"post","link":"https:\/\/www.espromedbio.gob.ve\/inicio\/hace-193-anos-las-fuerzas-patriotas-consolidan-la-independencia-en-el-lago-de-maracaibo\/","title":{"rendered":"Hace 193 a\u00f1os las fuerzas patriotas consolidan la Independencia en el lago de Maracaibo"},"content":{"rendered":"<p style=\"text-align: justify;\"><strong>Maracaibo, 24 Jul. Cortes\u00eda AVN.-<\/strong> Eran las 3:30 de la tarde del 24 de julio de 1823 cuando se dio inicio a la cruzada que consolid\u00f3 la independencia de Venezuela. Fueron dos horas y media de dura batalla en la que las fuerzas patriotas, con menos hombres y embarcaciones que las realistas, pero llenos de coraje y del deseo de ser libres, limpiaron de invasores al Lago de Maracaibo.<!--more--><\/p>\n<p style=\"text-align: justify;\">Venezuela grit\u00f3 su libertad definitiva, la cual signific\u00f3 un triunfo para el gran sue\u00f1o de Sim\u00f3n Bol\u00edvar de ver a Am\u00e9rica libre.<\/p>\n<p style=\"text-align: justify;\">Ese d\u00eda, el Libertador cumpl\u00eda 40 a\u00f1os y lo celebraba batallando en el sur del continente, para sellar tambi\u00e9n la Independencia de las actuales rep\u00fablicas de Ecuador, Per\u00fa y Bolivia.<\/p>\n<p style=\"text-align: justify;\"><strong>Recuperar Maracaibo<\/strong><\/p>\n<p style=\"text-align: justify;\">Hab\u00edan transcurrido dos a\u00f1os de la victoriosa Batalla de Carabobo, ocurrida el 24 de junio de 1821 y que liber\u00f3 del imperio espa\u00f1ol a Venezuela; sin embargo, los realistas, al mando de Francisco Tom\u00e1s Morales, marcaron una contraofensiva para recuperar Maracaibo, lo cual lograron en 1822.<\/p>\n<p style=\"text-align: justify;\">Bol\u00edvar, quien batallaba en el sur, le envi\u00f3 una misiva al general en jefe Rafael Urdaneta y al general Mariano Montilla de la Armada de Venezuela y la Gran Colombia, donde les ordena libertar Maracaibo, por su importancia para el triunfo de la cruzada que buscaba unir a Am\u00e9rica.<\/p>\n<p style=\"text-align: justify;\">Montilla re\u00fane entonces al alto mando de la Armada en Cartagena, para hacerles saber la orden de Bol\u00edvar de actuar unidos para lograr el triunfo de esta batalla.<\/p>\n<p style=\"text-align: justify;\">En el encuentro particip\u00f3 el capit\u00e1n del apostadero de Cartagena, Jos\u00e9 Prudencio Padilla, quien lleg\u00f3 a Maracaibo el 3 de mayo de 1823 y cinco d\u00edas despu\u00e9s forza la barra y tras varias acciones la batalla se da el 24 de julio de ese a\u00f1o.<\/p>\n<p style=\"text-align: justify;\"><strong>La batalla<\/strong><\/p>\n<p style=\"text-align: justify;\">Al caer la tarde del 23 de julio, las fuerzas patriotas y las realistas estaban alineadas entre Los Puertos de Altagracia y Capit\u00e1n Chico. Los patriotas estaban al mando del Almirante Padilla, con 22 buques, 85 ca\u00f1ones y 1.312 hombres, en su mayor\u00eda aprendices; y los realistas estaban comandados por el capit\u00e1n de nav\u00edo Angel Laborde y Navarro, con 32 buques, 67 ca\u00f1ones y 1.650 hombres y marinos preparados para la guerra.<\/p>\n<p style=\"text-align: justify;\">La batalla culmin\u00f3 a las seis de la tarde con un determinante triunfo patriota. Esta victoria hizo insostenible la posici\u00f3n de Francisco Tom\u00e1s Morales, quien se manten\u00eda al mando de las fuerzas realistas en Maracaibo.<\/p>\n<p style=\"text-align: justify;\">El 3 de agosto Morales acepta los acuerdos de la capitulaci\u00f3n, entregando el resto de la flota realista, la plaza de Maracaibo, el Castillo de San Carlos, el de San Felipe en Puerto Cabello, as\u00ed como todos los dem\u00e1s sitios ocupados por la oficialidad espa\u00f1ola.<\/p>\n<p style=\"text-align: justify;\">El d\u00eda 5 de agosto, el \u00faltimo oficial al servicio del Rey de Espa\u00f1a abandon\u00f3 territorio venezolano: la libertad de Venezuela estaba definitivamente decidida, lo cual fortalece a Bol\u00edvar en continuar su camino por la liberaci\u00f3n de los pueblos del Sur.<\/p>\n<p>&nbsp;<\/p>\n<p>&nbsp;<\/p>\n<p>&nbsp;<\/p>\n<p>&nbsp;<\/p>\n<p>&nbsp;<\/p>\n<p>&nbsp;<\/p>\n","protected":false},"excerpt":{"rendered":"<p>Maracaibo, 24 Jul. Cortes\u00eda AVN.- Eran las 3:30 de la tarde del 24 de julio de 1823 cuando se dio inicio a la cruzada que consolid\u00f3 la independencia de Venezuela. Fueron dos horas y media de dura batalla en la que las fuerzas patriotas, con menos hombres y embarcaciones que las realistas, pero llenos de [&hellip;]<\/p>\n","protected":false},"author":3,"featured_media":3548,"comment_status":"closed","ping_status":"closed","sticky":false,"template":"","format":"standard","meta":[],"categories":[21,2],"tags":[74],"_links":{"self":[{"href":"https:\/\/www.espromedbio.gob.ve\/inicio\/wp-json\/wp\/v2\/posts\/3547"}],"collection":[{"href":"https:\/\/www.espromedbio.gob.ve\/inicio\/wp-json\/wp\/v2\/posts"}],"about":[{"href":"https:\/\/www.espromedbio.gob.ve\/inicio\/wp-json\/wp\/v2\/types\/post"}],"author":[{"embeddable":true,"href":"https:\/\/www.espromedbio.gob.ve\/inicio\/wp-json\/wp\/v2\/users\/3"}],"replies":[{"embeddable":true,"href":"https:\/\/www.espromedbio.gob.ve\/inicio\/wp-json\/wp\/v2\/comments?post=3547"}],"version-history":[{"count":1,"href":"https:\/\/www.espromedbio.gob.ve\/inicio\/wp-json\/wp\/v2\/posts\/3547\/revisions"}],"predecessor-version":[{"id":3549,"href":"https:\/\/www.espromedbio.gob.ve\/inicio\/wp-json\/wp\/v2\/posts\/3547\/revisions\/3549"}],"wp:featuredmedia":[{"embeddable":true,"href":"https:\/\/www.espromedbio.gob.ve\/inicio\/wp-json\/wp\/v2\/media\/3548"}],"wp:attachment":[{"href":"https:\/\/www.espromedbio.gob.ve\/inicio\/wp-json\/wp\/v2\/media?parent=3547"}],"wp:term":[{"taxonomy":"category","embeddable":true,"href":"https:\/\/www.espromedbio.gob.ve\/inicio\/wp-json\/wp\/v2\/categories?post=3547"},{"taxonomy":"post_tag","embeddable":true,"href":"https:\/\/www.espromedbio.gob.ve\/inicio\/wp-json\/wp\/v2\/tags?post=3547"}],"curies":[{"name":"wp","href":"https:\/\/api.w.org\/{rel}","templated":true}]}}