{"id":3574,"date":"2016-07-27T11:47:22","date_gmt":"2016-07-27T16:17:22","guid":{"rendered":"http:\/\/espromedbio.gob.ve\/?p=3574"},"modified":"2016-07-27T11:47:22","modified_gmt":"2016-07-27T16:17:22","slug":"el-ii-congreso-redsacol-alames-debatira-sobre-salud-colectiva-buen-vivir-y-poder-popular","status":"publish","type":"post","link":"https:\/\/www.espromedbio.gob.ve\/inicio\/el-ii-congreso-redsacol-alames-debatira-sobre-salud-colectiva-buen-vivir-y-poder-popular\/","title":{"rendered":"El II Congreso REDSACOL-ALAMES debatir\u00e1 Sobre Salud Colectiva, Buen Vivir y Poder Popular"},"content":{"rendered":"<div class=\"item-page\">\n<div style=\"text-align: justify;\"><strong>Caracas, 27.07.16 (Cortes\u00eda Prensa MPPS).-<\/strong> Entre el 29 y el 30 de julio se efectuar\u00e1 el II Congreso de la Red de Salud Colectiva, cap\u00edtulo venezolano de la Asociaci\u00f3n Latinoamericana de Medicina Social, en la sede nacional de la UBV (Universidad Bolivariana de Venezuela), ubicada en Los Chaguaramos, Caracas.<\/div>\n<div style=\"text-align: justify;\"><\/div>\n<div style=\"text-align: justify;\"><\/div>\n<\/div>\n<p style=\"text-align: justify;\"><!--more--><\/p>\n<div style=\"text-align: justify;\">El evento se orientar\u00e1 con\u00a0la consigna: \u201cPor un Sistema P\u00fablico \u00danico Nacional de Salud bajo control popular, hacia la Salud Colectiva y el Buen Vivir\u201d.\u00a0La informaci\u00f3n fue suministrada por Jos\u00e9 Le\u00f3n Uzc\u00e1tegui, coordinador nacional de REDSACOL-ALAMES (Red de Salud Colectiva-Asociaci\u00f3n Latinoamericana de Medicina Social), qui\u00e9n agreg\u00f3 que se espera que m\u00e1s de trescientas personas provenientes de todo el pa\u00eds escuchen intervenciones magistrales y debatan durante los dos d\u00edas sobre Medicina Social, Salud Colectiva, Buen Vivir y Poder Popular.<\/div>\n<div style=\"text-align: justify;\"><\/div>\n<p style=\"text-align: justify;\">M\u00e1s de 40 ponencias se han inscrito hasta la fecha sobre los ejes tem\u00e1ticos que se anuncian:Salud Colectiva y Buen Vivir. Experiencia Venezolana; Estrategias organizativas del Poder Popular para la construcci\u00f3n de la Salud Colectiva y el Buen Vivir; y Educaci\u00f3n y formaci\u00f3n para la construcci\u00f3n de la Salud Colectiva y el Buen Vivir.<\/p>\n<div style=\"text-align: justify;\">\n<p>Vendr\u00e1n invitados de varios pa\u00edses latinoamericanos y en el marco del evento, la UBV conferir\u00e1 el Doctorado Honoris Causa a Mar\u00eda Isabel Rodr\u00edguez, ilustre ciudadana salvadore\u00f1a, referencia latinoamericana de la Medicina Social.<\/p>\n<\/div>\n<p style=\"text-align: justify;\">En la ma\u00f1ana del viernes 29 de julio expondr\u00e1n conferencias Miguel Malo (Ecuador) sobre el Buen Vivir, Oscar Feo sobre la Coyuntura Pol\u00edtica Nacional y la salud, Jos\u00e9 Le\u00f3n Uzc\u00e1tegui sobre el Poder Popular en salud, y Yadira C\u00f3rdova presentar\u00e1 una semblanza sobre el Comandante Hugo Ch\u00e1vez y la salud en Venezuela. A las 3:00 de la tarde se tiene prevista la exposici\u00f3n de Luisana Melo, Ministra de Salud y ex-coordinadora de Alames Venezuela, sobre el tema central del Congreso:\u00a0\u201cConstruyendo con el Poder Popular la Salud Colectiva como Buen Vivir, en el marco de la guerra no convencional\u201d.<\/p>\n<div>\n<p style=\"text-align: justify;\">Cierra la programaci\u00f3n con la Asamblea de miembros de Redsacol-Alames que se llevar\u00e1 a cabo el s\u00e1bado 30 de julio, en horas de la tarde, en las mismas instalaciones de la UBV.<\/p>\n<\/div>\n<p>&nbsp;<\/p>\n","protected":false},"excerpt":{"rendered":"<p>Caracas, 27.07.16 (Cortes\u00eda Prensa MPPS).- Entre el 29 y el 30 de julio se efectuar\u00e1 el II Congreso de la Red de Salud Colectiva, cap\u00edtulo venezolano de la Asociaci\u00f3n Latinoamericana de Medicina Social, en la sede nacional de la UBV (Universidad Bolivariana de Venezuela), ubicada en Los Chaguaramos, Caracas.<\/p>\n","protected":false},"author":3,"featured_media":3575,"comment_status":"closed","ping_status":"closed","sticky":false,"template":"","format":"standard","meta":[],"categories":[21,2],"tags":[48,66],"_links":{"self":[{"href":"https:\/\/www.espromedbio.gob.ve\/inicio\/wp-json\/wp\/v2\/posts\/3574"}],"collection":[{"href":"https:\/\/www.espromedbio.gob.ve\/inicio\/wp-json\/wp\/v2\/posts"}],"about":[{"href":"https:\/\/www.espromedbio.gob.ve\/inicio\/wp-json\/wp\/v2\/types\/post"}],"author":[{"embeddable":true,"href":"https:\/\/www.espromedbio.gob.ve\/inicio\/wp-json\/wp\/v2\/users\/3"}],"replies":[{"embeddable":true,"href":"https:\/\/www.espromedbio.gob.ve\/inicio\/wp-json\/wp\/v2\/comments?post=3574"}],"version-history":[{"count":1,"href":"https:\/\/www.espromedbio.gob.ve\/inicio\/wp-json\/wp\/v2\/posts\/3574\/revisions"}],"predecessor-version":[{"id":3576,"href":"https:\/\/www.espromedbio.gob.ve\/inicio\/wp-json\/wp\/v2\/posts\/3574\/revisions\/3576"}],"wp:featuredmedia":[{"embeddable":true,"href":"https:\/\/www.espromedbio.gob.ve\/inicio\/wp-json\/wp\/v2\/media\/3575"}],"wp:attachment":[{"href":"https:\/\/www.espromedbio.gob.ve\/inicio\/wp-json\/wp\/v2\/media?parent=3574"}],"wp:term":[{"taxonomy":"category","embeddable":true,"href":"https:\/\/www.espromedbio.gob.ve\/inicio\/wp-json\/wp\/v2\/categories?post=3574"},{"taxonomy":"post_tag","embeddable":true,"href":"https:\/\/www.espromedbio.gob.ve\/inicio\/wp-json\/wp\/v2\/tags?post=3574"}],"curies":[{"name":"wp","href":"https:\/\/api.w.org\/{rel}","templated":true}]}}