{"id":3578,"date":"2016-07-28T11:10:24","date_gmt":"2016-07-28T15:40:24","guid":{"rendered":"http:\/\/espromedbio.gob.ve\/?p=3578"},"modified":"2016-07-28T11:10:24","modified_gmt":"2016-07-28T15:40:24","slug":"feliz-cumpleanos-comandante-eterno","status":"publish","type":"post","link":"https:\/\/www.espromedbio.gob.ve\/inicio\/feliz-cumpleanos-comandante-eterno\/","title":{"rendered":"\u00a1Feliz Cumplea\u00f1os, Comandante Eterno!"},"content":{"rendered":"<p style=\"text-align: justify;\">Caracas,<strong> 28.07.16 (Prensa Espromed Bio).-<\/strong>\u00a0Hace 62 a\u00f1os, un 28 de julio, Sabaneta de Barinas vio nacer al hombre que tres d\u00e9cadas despu\u00e9s saltara a la palestra p\u00fablica como el l\u00edder de un movimiento revolucionario que se propuso rescatar la soberan\u00eda y dignidad nacional bajo el ideal de una nueva Rep\u00fablica.<!--more--><\/p>\n<p style=\"text-align: justify;\">Hugo Rafael Ch\u00e1vez Fr\u00edas, \u201cel ara\u00f1ero\u201d, \u201cel Gigante\u201d y Comandante Eterno naci\u00f3 para adue\u00f1arse de los corazones de millones de venezolanos que vieron en el joven militar el renacer de la esperanza, la cristalizaci\u00f3n de la justicia y el acceso a los derechos tantas veces negados.<\/p>\n<p style=\"text-align: justify;\">Hoy, su legado se mantiene vigente m\u00e1s all\u00e1 de la frontera patria para llegar al mundo entero con su mensaje de libertad.<\/p>\n","protected":false},"excerpt":{"rendered":"<p>Caracas, 28.07.16 (Prensa Espromed Bio).-\u00a0Hace 62 a\u00f1os, un 28 de julio, Sabaneta de Barinas vio nacer al hombre que tres d\u00e9cadas despu\u00e9s saltara a la palestra p\u00fablica como el l\u00edder de un movimiento revolucionario que se propuso rescatar la soberan\u00eda y dignidad nacional bajo el ideal de una nueva Rep\u00fablica.<\/p>\n","protected":false},"author":3,"featured_media":3583,"comment_status":"closed","ping_status":"closed","sticky":false,"template":"","format":"standard","meta":[],"categories":[21,2],"tags":[54],"_links":{"self":[{"href":"https:\/\/www.espromedbio.gob.ve\/inicio\/wp-json\/wp\/v2\/posts\/3578"}],"collection":[{"href":"https:\/\/www.espromedbio.gob.ve\/inicio\/wp-json\/wp\/v2\/posts"}],"about":[{"href":"https:\/\/www.espromedbio.gob.ve\/inicio\/wp-json\/wp\/v2\/types\/post"}],"author":[{"embeddable":true,"href":"https:\/\/www.espromedbio.gob.ve\/inicio\/wp-json\/wp\/v2\/users\/3"}],"replies":[{"embeddable":true,"href":"https:\/\/www.espromedbio.gob.ve\/inicio\/wp-json\/wp\/v2\/comments?post=3578"}],"version-history":[{"count":2,"href":"https:\/\/www.espromedbio.gob.ve\/inicio\/wp-json\/wp\/v2\/posts\/3578\/revisions"}],"predecessor-version":[{"id":3582,"href":"https:\/\/www.espromedbio.gob.ve\/inicio\/wp-json\/wp\/v2\/posts\/3578\/revisions\/3582"}],"wp:featuredmedia":[{"embeddable":true,"href":"https:\/\/www.espromedbio.gob.ve\/inicio\/wp-json\/wp\/v2\/media\/3583"}],"wp:attachment":[{"href":"https:\/\/www.espromedbio.gob.ve\/inicio\/wp-json\/wp\/v2\/media?parent=3578"}],"wp:term":[{"taxonomy":"category","embeddable":true,"href":"https:\/\/www.espromedbio.gob.ve\/inicio\/wp-json\/wp\/v2\/categories?post=3578"},{"taxonomy":"post_tag","embeddable":true,"href":"https:\/\/www.espromedbio.gob.ve\/inicio\/wp-json\/wp\/v2\/tags?post=3578"}],"curies":[{"name":"wp","href":"https:\/\/api.w.org\/{rel}","templated":true}]}}