{"id":3588,"date":"2016-07-29T15:18:08","date_gmt":"2016-07-29T19:48:08","guid":{"rendered":"http:\/\/espromedbio.gob.ve\/?p=3588"},"modified":"2016-07-29T15:18:08","modified_gmt":"2016-07-29T19:48:08","slug":"presidente-maduro-decir-chavez-es-decir-lealtad-pueblo-e-historia","status":"publish","type":"post","link":"https:\/\/www.espromedbio.gob.ve\/inicio\/presidente-maduro-decir-chavez-es-decir-lealtad-pueblo-e-historia\/","title":{"rendered":"Presidente Maduro: Decir Ch\u00e1vez es decir lealtad, pueblo e historia"},"content":{"rendered":"<p style=\"text-align: justify;\"><strong>Caracas , 28 Jul. Cortes\u00eda AVN.-<\/strong> Hablar de Hugo Ch\u00e1vez, de cuyo nacimiento se cumplen 62 a\u00f1os este jueves, es hablar de lealtad, de pueblo e historia, se\u00f1al\u00f3 este jueves el presidente de la Rep\u00fablica, Nicol\u00e1s Maduro, desde el Cuartel de la Monta\u00f1a, en Caracas, donde se realizaronn diversas actividades para conmemorar la fecha.<!--more--><\/p>\n<p style=\"text-align: justify;\">Sostuvo, en transmisi\u00f3n de Venezolana de Televisi\u00f3n, que la Revoluci\u00f3n Bolivariana debe dar continuidad a la Venezuela independiente y libre que dej\u00f3 el comandante Ch\u00e1vez.<\/p>\n<p style=\"text-align: justify;\">\u00abEs nuestra obligaci\u00f3n hist\u00f3rica, a costa de nuestra propia vida, mantener esta patria de pie, libre e independiente. Para eso tenemos que autoexigirnos m\u00e1s all\u00e1 de los propios l\u00edmites que hoy damos\u00bb, se\u00f1al\u00f3.<\/p>\n<p style=\"text-align: justify;\">Tambi\u00e9n se refiri\u00f3 a la proyecci\u00f3n pol\u00edtica que alcanz\u00f3 Hugo Ch\u00e1vez. Y, en ese sentido, coment\u00f3 que recibi\u00f3 una carta del presidente de Rusia, Vladimir Putin, quien comparti\u00f3 recuerdos con el l\u00edder socialista venezolano.<\/p>\n<p style=\"text-align: justify;\">Al reflexionar sobre lo que represent\u00f3 Ch\u00e1vez para Venezuela, invit\u00f3 a los dirigentes bolivarianos a trabajar siempre teniendo como objetivo la felicidad del pueblo.<\/p>\n<p style=\"text-align: justify;\">\u00abNo podemos tener l\u00edderes complacientes, autocomplacientes. Tenemos que exigirnos y autoexigirnos porque nosotros estamos aqu\u00ed para acompa\u00f1ar al pueblo, para protegerlo. Para eso estamos aqu\u00ed\u00bb, dijo.<\/p>\n<p style=\"text-align: justify;\">El jefe de Estado tambi\u00e9n agradeci\u00f3 a Dios y a la vida la oportunidad de haber conocido a Hugo Ch\u00e1vez, a quien se refiri\u00f3 como a un gran latinoamericano.<\/p>\n<p style=\"text-align: justify;\">Durante este 28 de julio se realizaron diversas actividades para honrar a quien durante parte de su vida se dedicara a reivindicar al pueblo venezolano con pol\u00edticas sociales dirigidas a garantizar protecci\u00f3n, bienestar y seguridad.<\/p>\n<p>&nbsp;<\/p>\n","protected":false},"excerpt":{"rendered":"<p>Caracas , 28 Jul. Cortes\u00eda AVN.- Hablar de Hugo Ch\u00e1vez, de cuyo nacimiento se cumplen 62 a\u00f1os este jueves, es hablar de lealtad, de pueblo e historia, se\u00f1al\u00f3 este jueves el presidente de la Rep\u00fablica, Nicol\u00e1s Maduro, desde el Cuartel de la Monta\u00f1a, en Caracas, donde se realizaronn diversas actividades para conmemorar la fecha.<\/p>\n","protected":false},"author":3,"featured_media":3589,"comment_status":"closed","ping_status":"closed","sticky":false,"template":"","format":"standard","meta":[],"categories":[21,2],"tags":[54,23],"_links":{"self":[{"href":"https:\/\/www.espromedbio.gob.ve\/inicio\/wp-json\/wp\/v2\/posts\/3588"}],"collection":[{"href":"https:\/\/www.espromedbio.gob.ve\/inicio\/wp-json\/wp\/v2\/posts"}],"about":[{"href":"https:\/\/www.espromedbio.gob.ve\/inicio\/wp-json\/wp\/v2\/types\/post"}],"author":[{"embeddable":true,"href":"https:\/\/www.espromedbio.gob.ve\/inicio\/wp-json\/wp\/v2\/users\/3"}],"replies":[{"embeddable":true,"href":"https:\/\/www.espromedbio.gob.ve\/inicio\/wp-json\/wp\/v2\/comments?post=3588"}],"version-history":[{"count":1,"href":"https:\/\/www.espromedbio.gob.ve\/inicio\/wp-json\/wp\/v2\/posts\/3588\/revisions"}],"predecessor-version":[{"id":3590,"href":"https:\/\/www.espromedbio.gob.ve\/inicio\/wp-json\/wp\/v2\/posts\/3588\/revisions\/3590"}],"wp:featuredmedia":[{"embeddable":true,"href":"https:\/\/www.espromedbio.gob.ve\/inicio\/wp-json\/wp\/v2\/media\/3589"}],"wp:attachment":[{"href":"https:\/\/www.espromedbio.gob.ve\/inicio\/wp-json\/wp\/v2\/media?parent=3588"}],"wp:term":[{"taxonomy":"category","embeddable":true,"href":"https:\/\/www.espromedbio.gob.ve\/inicio\/wp-json\/wp\/v2\/categories?post=3588"},{"taxonomy":"post_tag","embeddable":true,"href":"https:\/\/www.espromedbio.gob.ve\/inicio\/wp-json\/wp\/v2\/tags?post=3588"}],"curies":[{"name":"wp","href":"https:\/\/api.w.org\/{rel}","templated":true}]}}