{"id":3595,"date":"2016-08-01T10:54:13","date_gmt":"2016-08-01T15:24:13","guid":{"rendered":"http:\/\/espromedbio.gob.ve\/?p=3595"},"modified":"2016-08-01T10:54:13","modified_gmt":"2016-08-01T15:24:13","slug":"promueven-lactancia-materna-como-clave-para-el-desarrollo-sostenible","status":"publish","type":"post","link":"https:\/\/www.espromedbio.gob.ve\/inicio\/promueven-lactancia-materna-como-clave-para-el-desarrollo-sostenible\/","title":{"rendered":"Promueven lactancia materna como clave para el desarrollo sostenible"},"content":{"rendered":"<p style=\"text-align: justify;\"><strong>Caracas, 01 Ago. Cortes\u00eda AVN.-<\/strong> Desde este lunes y hasta el domingo 7 de agosto se lleva adelante en todo el mundo la semana de la lactancia materna, que este a\u00f1o tiene como lema: \u00abLactancia Materna: clave para el desarrollo sostenible\u00bb, rese\u00f1\u00f3 Prensa Latina.<!--more--><\/p>\n<p style=\"text-align: justify;\">Este a\u00f1o, uno de los prop\u00f3sitos de esta celebraci\u00f3n es informar a la poblaci\u00f3n sobre los Objetivos del Desarrollo Sostenible (ODS) y su relaci\u00f3n directa con esta vital actividad alimenticia.<\/p>\n<p style=\"text-align: justify;\">Asimismo, busca seguir creando conciencia sobre la importancia de la lactancia materna como un elemento indispensable en el desarrollo sostenible en el planeta, as\u00ed como establecer la necesidad de impulsar un conjunto de acciones que permitan seguir fomentando la lactancia como alimento indispensable.<\/p>\n<p style=\"text-align: justify;\">La Organizaci\u00f3n Mundial de la Salud recomienda la lactancia materna como m\u00e9todo de alimentaci\u00f3n exclusiva en los primeros seis meses de vida de los seres humanos y como complemento alimenticio en los dos primeros a\u00f1os de vida.<\/p>\n<p style=\"text-align: justify;\">En Venezuela se ha establecido en leyes y reglamentos el derecho de los infantes a recibir el sano alimento natural. En 2003, a trav\u00e9s de la norma de salud sexual y reproductiva, publicada en Gaceta Oficial 37.705, se decret\u00f3 como obligatorio que los primeros seis meses de vida de un ni\u00f1o o ni\u00f1a deben ser de lactancia materna exclusiva y hasta los dos a\u00f1os, complementaria.<\/p>\n<p style=\"text-align: justify;\">Posteriormente, en 2007 se aprob\u00f3 la Ley de Promoci\u00f3n y Protecci\u00f3n de la Lactancia Materna, que en la actualidad est\u00e1 en reforma, as\u00ed como otros instrumentos que contemplan la reivindicaci\u00f3n de este derecho, como la Ley Org\u00e1nica para la Protecci\u00f3n del Ni\u00f1o y del Adolecente (Lopna) y la Misi\u00f3n Ni\u00f1o Jes\u00fas.<\/p>\n<p style=\"text-align: justify;\">Mediante la Ley Org\u00e1nica del Trabajo, los Trabajadores y las Trabajadoras (Lottt), aprobada por el l\u00edder de la Revoluci\u00f3n Bolivariana, Hugo Ch\u00e1vez, el 30 de abril de 2012, se resguarda el derecho de los ni\u00f1os de ser amamantados por las madres que trabajan.<\/p>\n<p style=\"text-align: justify;\">Dicho instrumento legal establece que los patronos tendr\u00e1n la obligaci\u00f3n de tener o pagar un centro de educaci\u00f3n inicial con sala para amamantar y otorgar dos permisos al d\u00eda a la madre para que le d\u00e9 pecho a su beb\u00e9; otorgar permisos de media hora si el centro de lactancia queda en el lugar de trabajo, o de hora y media si est\u00e1 alejado de su puesto de trabajo.<\/p>\n<p style=\"text-align: justify;\">En la d\u00e9cada de 1990 la lactancia materna exclusiva se ubicaba en 7 % de los infantes. Actualmente, esta pr\u00e1ctica llega a 40 % de los ni\u00f1os y se proyecta llegar a 70 %, de acuerdo con datos aportados por el Ministerio para la Salud y el Instituto Nacional de Nutrici\u00f3n (INN).<\/p>\n<p style=\"text-align: justify;\">La semana mundial de la lactancia materna fe establecido oficialmente por la Organizaci\u00f3n Mundial de la Salud y el Fondo de las Naciones Unidas para la Infancia (Unicef, por sus siglas en ingl\u00e9s) en 1992. <strong>Foto: Archivo AVN<\/strong><\/p>\n","protected":false},"excerpt":{"rendered":"<p>Caracas, 01 Ago. Cortes\u00eda AVN.- Desde este lunes y hasta el domingo 7 de agosto se lleva adelante en todo el mundo la semana de la lactancia materna, que este a\u00f1o tiene como lema: \u00abLactancia Materna: clave para el desarrollo sostenible\u00bb, rese\u00f1\u00f3 Prensa Latina.<\/p>\n","protected":false},"author":3,"featured_media":3596,"comment_status":"closed","ping_status":"closed","sticky":false,"template":"","format":"standard","meta":[],"categories":[21,2],"tags":[30,66],"_links":{"self":[{"href":"https:\/\/www.espromedbio.gob.ve\/inicio\/wp-json\/wp\/v2\/posts\/3595"}],"collection":[{"href":"https:\/\/www.espromedbio.gob.ve\/inicio\/wp-json\/wp\/v2\/posts"}],"about":[{"href":"https:\/\/www.espromedbio.gob.ve\/inicio\/wp-json\/wp\/v2\/types\/post"}],"author":[{"embeddable":true,"href":"https:\/\/www.espromedbio.gob.ve\/inicio\/wp-json\/wp\/v2\/users\/3"}],"replies":[{"embeddable":true,"href":"https:\/\/www.espromedbio.gob.ve\/inicio\/wp-json\/wp\/v2\/comments?post=3595"}],"version-history":[{"count":2,"href":"https:\/\/www.espromedbio.gob.ve\/inicio\/wp-json\/wp\/v2\/posts\/3595\/revisions"}],"predecessor-version":[{"id":3598,"href":"https:\/\/www.espromedbio.gob.ve\/inicio\/wp-json\/wp\/v2\/posts\/3595\/revisions\/3598"}],"wp:featuredmedia":[{"embeddable":true,"href":"https:\/\/www.espromedbio.gob.ve\/inicio\/wp-json\/wp\/v2\/media\/3596"}],"wp:attachment":[{"href":"https:\/\/www.espromedbio.gob.ve\/inicio\/wp-json\/wp\/v2\/media?parent=3595"}],"wp:term":[{"taxonomy":"category","embeddable":true,"href":"https:\/\/www.espromedbio.gob.ve\/inicio\/wp-json\/wp\/v2\/categories?post=3595"},{"taxonomy":"post_tag","embeddable":true,"href":"https:\/\/www.espromedbio.gob.ve\/inicio\/wp-json\/wp\/v2\/tags?post=3595"}],"curies":[{"name":"wp","href":"https:\/\/api.w.org\/{rel}","templated":true}]}}