{"id":3599,"date":"2016-08-01T11:23:51","date_gmt":"2016-08-01T15:53:51","guid":{"rendered":"http:\/\/espromedbio.gob.ve\/?p=3599"},"modified":"2016-08-01T11:23:51","modified_gmt":"2016-08-01T15:53:51","slug":"barrio-adentro-deportivo-legado-de-chavez-para-la-sana-convivencia-comunal","status":"publish","type":"post","link":"https:\/\/www.espromedbio.gob.ve\/inicio\/barrio-adentro-deportivo-legado-de-chavez-para-la-sana-convivencia-comunal\/","title":{"rendered":"Barrio Adentro deportivo, legado de Ch\u00e1vez para la sana convivencia comunal"},"content":{"rendered":"<p style=\"text-align: justify;\"><strong>Caracas, 31 Jul. Cortes\u00eda AVN.-<\/strong> Este 31 de julio se cumplen 12 a\u00f1os de la creaci\u00f3n de\u00a0Misi\u00f3n Barrio Adentro Deportivo, iniciativa impulsada por el comandante de la Revoluci\u00f3n Bolivariana, Hugo Ch\u00e1vez, en cooperaci\u00f3n la Rep\u00fablica de Cuba, fecha que es recordada este domingo por el presidente de la Rep\u00fablica, Nicol\u00e1s Maduro.<!--more--><\/p>\n<p style=\"text-align: justify;\">\u00abAl cumplirse 12 a\u00f1os, recordamos el inicio de una de las creaciones de nuestro Gigante Eterno: la Misi\u00f3n Barrio Adentro Deportivo\u00bb, escribi\u00f3 el Mandatario nacional, a trav\u00e9s de su cuenta en Facebook, en la que indic\u00f3 que esta pol\u00edtica masifica la pr\u00e1ctica deportiva en las comunidades, la paz y la convivencia, con la dotaci\u00f3n de las instalaci\u00f3n deportivas y la formaci\u00f3n de entrenadores y especialistas.<\/p>\n<p style=\"text-align: justify;\">\u00abEs otro de los programas sociales creados por la Revoluci\u00f3n y el comandante Ch\u00e1vez, en cooperaci\u00f3n con la hermana Rep\u00fablica de Cuba, para la dignificaci\u00f3n de nuestro pueblo venezolano\u00bb, indic\u00f3 Maduro en la red social.<\/p>\n<p style=\"text-align: justify;\">Esta pol\u00edtica social re\u00fane cinco aspectos esenciales, como la actividad f\u00edsica para ni\u00f1os, ni\u00f1as y j\u00f3venes, as\u00ed como para el adulto mayor, las personas con discapacidad y las mujeres embarazadas. Del mismo modo, brinda asesor\u00eda t\u00e9cnica en las Escuelas Bolivarianas y fomenta la formaci\u00f3n de promotores y la masificaci\u00f3n deportiva.<\/p>\n","protected":false},"excerpt":{"rendered":"<p>Caracas, 31 Jul. Cortes\u00eda AVN.- Este 31 de julio se cumplen 12 a\u00f1os de la creaci\u00f3n de\u00a0Misi\u00f3n Barrio Adentro Deportivo, iniciativa impulsada por el comandante de la Revoluci\u00f3n Bolivariana, Hugo Ch\u00e1vez, en cooperaci\u00f3n la Rep\u00fablica de Cuba, fecha que es recordada este domingo por el presidente de la Rep\u00fablica, Nicol\u00e1s Maduro.<\/p>\n","protected":false},"author":3,"featured_media":3600,"comment_status":"closed","ping_status":"closed","sticky":false,"template":"","format":"standard","meta":[],"categories":[21,2],"tags":[25],"_links":{"self":[{"href":"https:\/\/www.espromedbio.gob.ve\/inicio\/wp-json\/wp\/v2\/posts\/3599"}],"collection":[{"href":"https:\/\/www.espromedbio.gob.ve\/inicio\/wp-json\/wp\/v2\/posts"}],"about":[{"href":"https:\/\/www.espromedbio.gob.ve\/inicio\/wp-json\/wp\/v2\/types\/post"}],"author":[{"embeddable":true,"href":"https:\/\/www.espromedbio.gob.ve\/inicio\/wp-json\/wp\/v2\/users\/3"}],"replies":[{"embeddable":true,"href":"https:\/\/www.espromedbio.gob.ve\/inicio\/wp-json\/wp\/v2\/comments?post=3599"}],"version-history":[{"count":1,"href":"https:\/\/www.espromedbio.gob.ve\/inicio\/wp-json\/wp\/v2\/posts\/3599\/revisions"}],"predecessor-version":[{"id":3601,"href":"https:\/\/www.espromedbio.gob.ve\/inicio\/wp-json\/wp\/v2\/posts\/3599\/revisions\/3601"}],"wp:featuredmedia":[{"embeddable":true,"href":"https:\/\/www.espromedbio.gob.ve\/inicio\/wp-json\/wp\/v2\/media\/3600"}],"wp:attachment":[{"href":"https:\/\/www.espromedbio.gob.ve\/inicio\/wp-json\/wp\/v2\/media?parent=3599"}],"wp:term":[{"taxonomy":"category","embeddable":true,"href":"https:\/\/www.espromedbio.gob.ve\/inicio\/wp-json\/wp\/v2\/categories?post=3599"},{"taxonomy":"post_tag","embeddable":true,"href":"https:\/\/www.espromedbio.gob.ve\/inicio\/wp-json\/wp\/v2\/tags?post=3599"}],"curies":[{"name":"wp","href":"https:\/\/api.w.org\/{rel}","templated":true}]}}